{"id":88642,"date":"2025-06-20T19:42:42","date_gmt":"2025-06-20T15:42:42","guid":{"rendered":"https:\/\/medialur.com\/lultimatum-de-belle-maman-la-revolte-qui-a-sauve-notre-famille\/"},"modified":"2025-06-20T19:42:42","modified_gmt":"2025-06-20T15:42:42","slug":"lultimatum-de-belle-maman-la-revolte-qui-a-sauve-notre-famille","status":"publish","type":"post","link":"https:\/\/medialur.com\/?p=88642","title":{"rendered":"L&#8217;Ultimatum de Belle-Maman : La R\u00e9volte qui a Sauv\u00e9 Notre Famille"},"content":{"rendered":"<p>Tout a commenc\u00e9 lorsqu\u2019un appel de belle-maman a chamboul\u00e9 nos plans de vacances soigneusement \u00e9labor\u00e9s. \u00ab Non, mes ch\u00e9ris, No\u00ebl, c\u2019est enfin chez nous cette ann\u00e9e \u00bb, a-t-elle d\u00e9cr\u00e9t\u00e9, ignorant notre d\u00e9sir de c\u00e9l\u00e9brer avec nos enfants loin de sa tutelle. Ces mots flottaient comme une sentence, d\u00e9clenchant une s\u00e9rie d\u2019\u00e9v\u00e9nements qui allaient bouleverser notre famille.<\/p>\n<p>Je voyais mon mari, Fran\u00e7ois, serrer les poings sous la table, un sourire crisp\u00e9 aux l\u00e8vres, pendant qu&#8217;il \u00e9coutait sa m\u00e8re marteler ses attentes avec une douce tyrannie. J&#8217;avais l&#8217;envie de m&#8217;opposer, mais la crainte de briser cette fragile paix me faisait taire. Nos enfants, eux, ne comprenaient pas encore la gravit\u00e9 de ces tensions, mais leur d\u00e9ception \u00e9tait palpable.<\/p>\n<p>Les semaines pass\u00e8rent, et l&#8217;emprise de belle-maman se fit sentir dans chaque recoin de notre existence. Lorsqu&#8217;elle commen\u00e7a \u00e0 imposer ses choix de vie sur nos enfants, cela devint insupportable. Elle critiquait notre mani\u00e8re de les \u00e9lever, de g\u00e9rer notre foyer. Ses remarques s&#8217;infiltraient dans notre quotidien, semant le doute et la frustration.<\/p>\n<p>Le point de rupture survint un dimanche, lors d\u2019un d\u00e9jeuner. Nous \u00e9tions tous r\u00e9unis chez elle, comme \u00e0 chaque premier dimanche du mois, lorsque belle-maman a d\u00e9cid\u00e9 de r\u00e9am\u00e9nager la chambre des enfants sous pr\u00e9texte qu\u2019elle ne les jugeait pas assez fonctionnelles. Elle \u00e9tait all\u00e9e jusqu&#8217;\u00e0 jeter leurs jouets pr\u00e9f\u00e9r\u00e9s, qu\u2019elle qualifiait de \u00ab vieilleries encombrantes \u00bb.<\/p>\n<p>Ma col\u00e8re, longtemps contenue, explosa alors que je la confrontais. \u00ab \u00c7a suffit, maman ! Tu ne peux pas continuer \u00e0 contr\u00f4ler nos vies. \u00bb Fran\u00e7ois se leva, appuyant mes paroles avec une d\u00e9termination que je ne lui connaissais pas. \u00ab Tu dois nous laisser vivre comme nous l&#8217;entendons, c\u2019est notre famille avant tout. \u00bb<\/p>\n<p>Il y eut un moment de silence, lourd de tension. Le regard de Fran\u00e7ois, br\u00fblant de d\u00e9termination, rencontra celui de sa m\u00e8re. Elle comprit \u00e0 cet instant qu\u2019il ne s\u2019agissait pas d\u2019une simple r\u00e9bellion passag\u00e8re.<\/p>\n<p>Ce fut le tournant. Nous avons d\u00e9cid\u00e9 de rentrer chez nous, laissant belle-maman seule \u00e0 sa table. Sur la route du retour, le sentiment de lib\u00e9ration \u00e9tait palpable. Nous avions r\u00e9affirm\u00e9 notre autonomie, pos\u00e9 les limites n\u00e9cessaires pour pr\u00e9server notre unit\u00e9 familiale.<\/p>\n<p>Depuis ce jour, la relation avec belle-maman a chang\u00e9. Nous sommes rest\u00e9s en contact, mais avons d\u00e9fini des r\u00e8gles claires pour nos interactions futures. Cette r\u00e9volte, bien que douloureuse, a renforc\u00e9 notre famille, nous unissant davantage face \u00e0 l\u2019adversit\u00e9.<\/p>\n<p>La le\u00e7on \u00e9tait apprise : prot\u00e9ger notre nid familial passe avant tout, m\u00eame si cela signifie d\u00e9fier les traditions ou affronter des conflits longtemps \u00e9vit\u00e9s.<\/p>\n","protected":false},"excerpt":{"rendered":"<p>Tout a commenc\u00e9 lorsqu\u2019un appel de belle-maman a chamboul\u00e9 nos plans de vacances soigneusement \u00e9labor\u00e9s. \u00ab Non, mes ch\u00e9ris, No\u00ebl, c\u2019est enfin chez nous cette ann\u00e9e \u00bb, a-t-elle d\u00e9cr\u00e9t\u00e9, ignorant notre d\u00e9sir de c\u00e9l\u00e9brer avec nos enfants loin de sa tutelle. Ces mots flottaient comme une sentence, d\u00e9clenchant une s\u00e9rie d\u2019\u00e9v\u00e9nements qui allaient bouleverser notre &#8230; <a title=\"L&#8217;Ultimatum de Belle-Maman : La R\u00e9volte qui a Sauv\u00e9 Notre Famille\" class=\"read-more\" href=\"https:\/\/medialur.com\/?p=88642\" aria-label=\"Read more about L&#8217;Ultimatum de Belle-Maman : La R\u00e9volte qui a Sauv\u00e9 Notre Famille\">Read more<\/a><\/p>\n","protected":false},"author":6,"featured_media":88643,"comment_status":"","ping_status":"","sticky":false,"template":"","format":"standard","meta":{"footnotes":""},"categories":[1],"tags":[],"class_list":["post-88642","post","type-post","status-publish","format-standard","has-post-thumbnail","hentry","category-uncategorized"],"views":743,"_links":{"self":[{"href":"https:\/\/medialur.com\/index.php?rest_route=\/wp\/v2\/posts\/88642","targetHints":{"allow":["GET"]}}],"collection":[{"href":"https:\/\/medialur.com\/index.php?rest_route=\/wp\/v2\/posts"}],"about":[{"href":"https:\/\/medialur.com\/index.php?rest_route=\/wp\/v2\/types\/post"}],"author":[{"embeddable":true,"href":"https:\/\/medialur.com\/index.php?rest_route=\/wp\/v2\/users\/6"}],"replies":[{"embeddable":true,"href":"https:\/\/medialur.com\/index.php?rest_route=%2Fwp%2Fv2%2Fcomments&post=88642"}],"version-history":[{"count":0,"href":"https:\/\/medialur.com\/index.php?rest_route=\/wp\/v2\/posts\/88642\/revisions"}],"wp:featuredmedia":[{"embeddable":true,"href":"https:\/\/medialur.com\/index.php?rest_route=\/wp\/v2\/media\/88643"}],"wp:attachment":[{"href":"https:\/\/medialur.com\/index.php?rest_route=%2Fwp%2Fv2%2Fmedia&parent=88642"}],"wp:term":[{"taxonomy":"category","embeddable":true,"href":"https:\/\/medialur.com\/index.php?rest_route=%2Fwp%2Fv2%2Fcategories&post=88642"},{"taxonomy":"post_tag","embeddable":true,"href":"https:\/\/medialur.com\/index.php?rest_route=%2Fwp%2Fv2%2Ftags&post=88642"}],"curies":[{"name":"wp","href":"https:\/\/api.w.org\/{rel}","templated":true}]}}