{"id":88582,"date":"2025-06-20T19:08:40","date_gmt":"2025-06-20T15:08:40","guid":{"rendered":"https:\/\/medialur.com\/le-retour-apres-20-ans-19\/"},"modified":"2025-06-20T19:08:40","modified_gmt":"2025-06-20T15:08:40","slug":"le-retour-apres-20-ans-19","status":"publish","type":"post","link":"https:\/\/medialur.com\/?p=88582","title":{"rendered":"Le Retour Apr\u00e8s 20 Ans"},"content":{"rendered":"<p>Elle ne pensait jamais revoir sa m\u00e8re un jour, jusqu&#8217;\u00e0 un apr\u00e8s-midi ordinaire o\u00f9 le pass\u00e9 resurgit brusquement dans sa vie. Install\u00e9e confortablement avec une tasse de th\u00e9, L\u00e9a feuilletait un album de photos qu&#8217;elle avait trouv\u00e9 en rangeant le grenier. Chaque page d\u00e9voilait un instant de son enfance, des souvenirs heureux jusqu&#8217;\u00e0 ce jour o\u00f9 sa m\u00e8re avait quitt\u00e9 la maison sans un mot d&#8217;explication. Le th\u00e9 avait \u00e0 peine refroidi que la sonnette d&#8217;entr\u00e9e retentit, coupant court \u00e0 ses r\u00e9flexions. En ouvrant la porte, elle se figea. L\u00e0, sur le seuil, se tenait sa m\u00e8re, l&#8217;air incertain mais le sourire bienveillant.<\/p>\n<p>L\u00e9a ressentit un tourbillon d&#8217;\u00e9motions : col\u00e8re, surprise, et une vague de nostalgie. &#8220;Maman&#8230;&#8221;, murmura-t-elle, le mot lui \u00e9chappant avant qu&#8217;elle ait pu s&#8217;en emp\u00eacher. Sa m\u00e8re, Marianne, hocha la t\u00eate, les larmes brillantes dans ses yeux. &#8220;Je suis revenue, L\u00e9a. Est-ce que je peux entrer?&#8221; demanda-t-elle avec une voix bris\u00e9e par l&#8217;\u00e9motion.<\/p>\n<p>Une fois assises l&#8217;une en face de l&#8217;autre dans le salon, une tension palpable flottait entre elles. L\u00e9a croisa les bras, un geste de protection. &#8220;Pourquoi maintenant? Pourquoi apr\u00e8s tout ce temps?&#8221; La question s&#8217;\u00e9chappa, pleine de douleur et d&#8217;incr\u00e9dulit\u00e9. <\/p>\n<p>Marianne baissa les yeux, cherchant ses mots. &#8220;Je sais que je t&#8217;ai abandonn\u00e9e. Je n&#8217;ai aucune excuse qui puisse effacer la douleur que je t&#8217;ai caus\u00e9e. Je suis partie parce que j&#8217;\u00e9tais perdue&#8230; et \u00e9go\u00efste. Mais je suis l\u00e0 aujourd&#8217;hui pour te demander pardon et te dire que je veux essayer de reconstruire quelque chose ensemble, si tu le veux bien.&#8221;<\/p>\n<p>Le silence qui suivit \u00e9tait lourd de signification. L\u00e9a se rem\u00e9mora les nuits sans sommeil, les anniversaires manqu\u00e9s, les lettres \u00e9crites mais jamais envoy\u00e9es. Elle avait attendu ce moment, mais maintenant qu&#8217;il \u00e9tait l\u00e0, elle ne savait plus quoi ressentir. &#8220;Tu sais, j&#8217;ai souvent r\u00eav\u00e9 de ce jour. J&#8217;ai imagin\u00e9 des centaines de sc\u00e9narios o\u00f9 tu revenais. Dans aucun d&#8217;eux, je ne savais comment te pardonner,&#8221; avoua-t-elle, sa voix tremblante.<\/p>\n<p>Marianne hocha la t\u00eate, son regard humble. &#8220;Je comprends. Je ne m\u00e9rite peut-\u00eatre pas ton pardon, mais je suis pr\u00eate \u00e0 tout pour toi. Si tu veux que je parte, je partirai. Mais sache que je ne souhaite que ton bonheur, que tu l&#8217;acceptes ou non.&#8221;<\/p>\n<p>Il y avait une sinc\u00e9rit\u00e9 dans sa voix qui fit vaciller L\u00e9a. Elle sentait une petite ouverture dans son c\u0153ur, une possibilit\u00e9 de gu\u00e9rir. Elle prit une profonde inspiration, ses yeux fix\u00e9s sur le visage de sa m\u00e8re, maintenant ravag\u00e9 par la culpabilit\u00e9 mais aussi par l&#8217;espoir.<\/p>\n<p>&#8220;Je ne sais pas si je peux te pardonner, pas tout de suite,&#8221; dit-elle enfin. &#8220;Mais j&#8217;aimerais qu&#8217;on essaie. Peut-\u00eatre qu&#8217;avec le temps, on pourra&#8230; trouver un moyen.&#8221; <\/p>\n<p>Marianne avait un sourire doux, plein de gratitude. &#8220;Je suis pr\u00eate \u00e0 attendre, autant qu&#8217;il le faudra,&#8221; promit-elle.<\/p>\n<p>Elles se lev\u00e8rent, h\u00e9sitantes, avant que L\u00e9a ne fasse un pas vers sa m\u00e8re. Un geste timide mais significatif, un d\u00e9but&#8230; Une \u00e9treinte h\u00e9sitante mais sinc\u00e8re, sous le regard bienveillant du pass\u00e9 qui s&#8217;efface peu \u00e0 peu.<\/p>\n","protected":false},"excerpt":{"rendered":"<p>Elle ne pensait jamais revoir sa m\u00e8re un jour, jusqu&#8217;\u00e0 un apr\u00e8s-midi ordinaire o\u00f9 le pass\u00e9 resurgit brusquement dans sa vie. Install\u00e9e confortablement avec une tasse de th\u00e9, L\u00e9a feuilletait un album de photos qu&#8217;elle avait trouv\u00e9 en rangeant le grenier. Chaque page d\u00e9voilait un instant de son enfance, des souvenirs heureux jusqu&#8217;\u00e0 ce jour &#8230; <a title=\"Le Retour Apr\u00e8s 20 Ans\" class=\"read-more\" href=\"https:\/\/medialur.com\/?p=88582\" aria-label=\"Read more about Le Retour Apr\u00e8s 20 Ans\">Read more<\/a><\/p>\n","protected":false},"author":6,"featured_media":88583,"comment_status":"","ping_status":"","sticky":false,"template":"","format":"standard","meta":{"footnotes":""},"categories":[1],"tags":[],"class_list":["post-88582","post","type-post","status-publish","format-standard","has-post-thumbnail","hentry","category-uncategorized"],"views":198,"_links":{"self":[{"href":"https:\/\/medialur.com\/index.php?rest_route=\/wp\/v2\/posts\/88582","targetHints":{"allow":["GET"]}}],"collection":[{"href":"https:\/\/medialur.com\/index.php?rest_route=\/wp\/v2\/posts"}],"about":[{"href":"https:\/\/medialur.com\/index.php?rest_route=\/wp\/v2\/types\/post"}],"author":[{"embeddable":true,"href":"https:\/\/medialur.com\/index.php?rest_route=\/wp\/v2\/users\/6"}],"replies":[{"embeddable":true,"href":"https:\/\/medialur.com\/index.php?rest_route=%2Fwp%2Fv2%2Fcomments&post=88582"}],"version-history":[{"count":0,"href":"https:\/\/medialur.com\/index.php?rest_route=\/wp\/v2\/posts\/88582\/revisions"}],"wp:featuredmedia":[{"embeddable":true,"href":"https:\/\/medialur.com\/index.php?rest_route=\/wp\/v2\/media\/88583"}],"wp:attachment":[{"href":"https:\/\/medialur.com\/index.php?rest_route=%2Fwp%2Fv2%2Fmedia&parent=88582"}],"wp:term":[{"taxonomy":"category","embeddable":true,"href":"https:\/\/medialur.com\/index.php?rest_route=%2Fwp%2Fv2%2Fcategories&post=88582"},{"taxonomy":"post_tag","embeddable":true,"href":"https:\/\/medialur.com\/index.php?rest_route=%2Fwp%2Fv2%2Ftags&post=88582"}],"curies":[{"name":"wp","href":"https:\/\/api.w.org\/{rel}","templated":true}]}}