{"id":88222,"date":"2025-06-20T15:53:42","date_gmt":"2025-06-20T11:53:42","guid":{"rendered":"https:\/\/medialur.com\/le-retour-dun-passe-oublie-7\/"},"modified":"2025-06-20T15:53:42","modified_gmt":"2025-06-20T11:53:42","slug":"le-retour-dun-passe-oublie-7","status":"publish","type":"post","link":"https:\/\/medialur.com\/?p=88222","title":{"rendered":"Le Retour d&#8217;un Pass\u00e9 Oubli\u00e9"},"content":{"rendered":"<p>Elle ne pensait jamais revoir sa s\u0153ur disparue, jusqu&#8217;\u00e0 cet apr\u00e8s-midi ordinaire o\u00f9 tout a chang\u00e9. Assise sur le balcon, le vent jouant doucement avec ses cheveux, Lisa regardait le monde en contrebas, la vie continuant comme si de rien n&#8217;\u00e9tait. Une sonnerie de t\u00e9l\u00e9phone interrompit ses pens\u00e9es. De l&#8217;autre c\u00f4t\u00e9, une voix lointaine mais imm\u00e9diatement reconnaissable s&#8217;\u00e9leva. &#8220;Lisa, c&#8217;est moi, Anna.&#8221; \u00c0 ces mots, le c\u0153ur de Lisa manqua un battement. Sa s\u0153ur, qui \u00e9tait partie il y a vingt ans sans un mot, venait de prendre contact.<\/p>\n<p>Quand Anna franchit finalement le seuil de la maison familiale, l&#8217;air \u00e9tait lourd de non-dits et de souvenirs douloureux. &#8220;Tu es revenue,&#8221; murmura Lisa, son regard per\u00e7ant scrutant celle qui autrefois partageait sa vie. Anna hocha la t\u00eate, les yeux baiss\u00e9s. &#8220;Je sais que j&#8217;ai beaucoup \u00e0 expliquer,&#8221; dit-elle, sa voix empreinte de regret.<\/p>\n<p>Leurs premi\u00e8res heures ensemble furent charg\u00e9es de silences inconfortables et de discussions superficielles. Anna observa chaque d\u00e9tail de la maison, impr\u00e9gn\u00e9e de nostalgie. &#8220;Tu as gard\u00e9 la vieille horloge,&#8221; remarqua-t-elle, pointant l&#8217;ancienne pendule suspendue dans le salon. &#8220;Elle ne fonctionne plus vraiment,&#8221; r\u00e9pondit Lisa s\u00e8chement, capturant dans ces paroles le sentiment de quelque chose d&#8217;arr\u00eat\u00e9 dans le temps, tout comme leur relation.<\/p>\n<p>La nuit \u00e9tait tomb\u00e9e lorsque la confrontation in\u00e9vitable arriva. &#8220;Pourquoi es-tu partie, Anna?&#8221; demanda Lisa, les mots enfin lib\u00e9r\u00e9s apr\u00e8s des ann\u00e9es d&#8217;emprisonnement. &#8220;Je ne pouvais plus respirer ici,&#8221; avoua Anna, sa voix pleine de douleur et de honte. &#8220;Mais partir sans rien dire? Nous \u00e9tions ta famille,&#8221; r\u00e9torqua Lisa, son indignation masquant une tristesse profonde.<\/p>\n<p>Anna expliqua les pressions insupportables de leur enfance, l&#8217;incapacit\u00e9 de faire face \u00e0 une m\u00e8re exigeante et un p\u00e8re absent. &#8220;Je pensais que c&#8217;\u00e9tait la seule mani\u00e8re de survivre,&#8221; dit-elle comme une confession. &#8220;Je suis d\u00e9sol\u00e9e.&#8221;<\/p>\n<p>Un long silence s&#8217;installa, chaque s\u0153ur absorb\u00e9e par ses souvenirs et ses \u00e9motions. &#8220;Je ne suis pas s\u00fbre de pouvoir pardonner,&#8221; finit par dire Lisa, les larmes aux yeux. &#8220;Mais je veux essayer. Je veux comprendre.&#8221;<\/p>\n<p>Anna tendit la main, un geste h\u00e9sitant d&#8217;espoir et de r\u00e9conciliation. Lisa h\u00e9sita un instant, puis l&#8217;attrapa finalement, une connexion fragile mais r\u00e9elle. &#8220;Nous avons beaucoup de choses \u00e0 reconstruire,&#8221; admit Anna. &#8220;Mais j&#8217;esp\u00e8re que nous pourrons le faire ensemble.&#8221;<\/p>\n<p>Cette rencontre n&#8217;\u00e9tait que le d\u00e9but d&#8217;un processus difficile et incertain, mais pour la premi\u00e8re fois en deux d\u00e9cennies, il y avait une chance, aussi mince soit-elle, de retrouver quelque chose d&#8217;important qu&#8217;elles avaient perdu.<\/p>\n<p>Alors qu&#8217;elles se tenaient ensemble, d\u00e9termin\u00e9es \u00e0 essayer, les \u00e9toiles commen\u00e7aient \u00e0 briller au-dessus d&#8217;elles, promettant un nouveau d\u00e9part.<\/p>\n","protected":false},"excerpt":{"rendered":"<p>Elle ne pensait jamais revoir sa s\u0153ur disparue, jusqu&#8217;\u00e0 cet apr\u00e8s-midi ordinaire o\u00f9 tout a chang\u00e9. Assise sur le balcon, le vent jouant doucement avec ses cheveux, Lisa regardait le monde en contrebas, la vie continuant comme si de rien n&#8217;\u00e9tait. Une sonnerie de t\u00e9l\u00e9phone interrompit ses pens\u00e9es. De l&#8217;autre c\u00f4t\u00e9, une voix lointaine mais &#8230; <a title=\"Le Retour d&#8217;un Pass\u00e9 Oubli\u00e9\" class=\"read-more\" href=\"https:\/\/medialur.com\/?p=88222\" aria-label=\"Read more about Le Retour d&#8217;un Pass\u00e9 Oubli\u00e9\">Read more<\/a><\/p>\n","protected":false},"author":9,"featured_media":88223,"comment_status":"","ping_status":"","sticky":false,"template":"","format":"standard","meta":{"footnotes":""},"categories":[1],"tags":[],"class_list":["post-88222","post","type-post","status-publish","format-standard","has-post-thumbnail","hentry","category-uncategorized"],"views":199,"_links":{"self":[{"href":"https:\/\/medialur.com\/index.php?rest_route=\/wp\/v2\/posts\/88222","targetHints":{"allow":["GET"]}}],"collection":[{"href":"https:\/\/medialur.com\/index.php?rest_route=\/wp\/v2\/posts"}],"about":[{"href":"https:\/\/medialur.com\/index.php?rest_route=\/wp\/v2\/types\/post"}],"author":[{"embeddable":true,"href":"https:\/\/medialur.com\/index.php?rest_route=\/wp\/v2\/users\/9"}],"replies":[{"embeddable":true,"href":"https:\/\/medialur.com\/index.php?rest_route=%2Fwp%2Fv2%2Fcomments&post=88222"}],"version-history":[{"count":0,"href":"https:\/\/medialur.com\/index.php?rest_route=\/wp\/v2\/posts\/88222\/revisions"}],"wp:featuredmedia":[{"embeddable":true,"href":"https:\/\/medialur.com\/index.php?rest_route=\/wp\/v2\/media\/88223"}],"wp:attachment":[{"href":"https:\/\/medialur.com\/index.php?rest_route=%2Fwp%2Fv2%2Fmedia&parent=88222"}],"wp:term":[{"taxonomy":"category","embeddable":true,"href":"https:\/\/medialur.com\/index.php?rest_route=%2Fwp%2Fv2%2Fcategories&post=88222"},{"taxonomy":"post_tag","embeddable":true,"href":"https:\/\/medialur.com\/index.php?rest_route=%2Fwp%2Fv2%2Ftags&post=88222"}],"curies":[{"name":"wp","href":"https:\/\/api.w.org\/{rel}","templated":true}]}}