{"id":88125,"date":"2025-06-20T14:59:41","date_gmt":"2025-06-20T10:59:41","guid":{"rendered":"https:\/\/medialur.com\/le-prix-de-lambition-18\/"},"modified":"2025-06-20T14:59:41","modified_gmt":"2025-06-20T10:59:41","slug":"le-prix-de-lambition-18","status":"publish","type":"post","link":"https:\/\/medialur.com\/?p=88125","title":{"rendered":"Le Prix de l&#8217;Ambition"},"content":{"rendered":"<p>Depuis qu&#8217;elle avait d\u00e9croch\u00e9 le contrat de sa vie, les appels ne cessaient de pleuvoir. Chaque appel \u00e9tait une opportunit\u00e9, une pierre de plus dans l&#8217;\u00e9difice de sa carri\u00e8re flamboyante, mais aussi un pas de plus vers l&#8217;\u00e9loignement de son mari et de ses enfants. Clara avait toujours \u00e9t\u00e9 ambitieuse, r\u00eavant de conqu\u00e9rir le monde des affaires. Mais \u00e0 quel prix ?<\/p>\n<p>Clara \u00e9tait devenue la directrice g\u00e9n\u00e9rale d&#8217;une entreprise florissante de technologie, une place m\u00e9rit\u00e9e apr\u00e8s des ann\u00e9es de travail acharn\u00e9. Les journ\u00e9es s&#8217;encha\u00eenaient avec leur lot de r\u00e9unions interminables et de d\u00e9cisions cruciales \u00e0 prendre. Pourtant, la passion qui l&#8217;animait autrefois s&#8217;\u00e9tait transform\u00e9e en un poids oppressant.<\/p>\n<p>Un soir, alors qu&#8217;elle entrait chez elle bien apr\u00e8s l&#8217;heure du d\u00eener, elle retrouva son mari, Thomas, assis dans le salon, une expression d&#8217;inqui\u00e9tude m\u00eal\u00e9e de lassitude peinte sur son visage. \u00ab Clara, on ne te voit plus, \u00bb l\u00e2cha-t-il, sa voix brisant le fragile \u00e9quilibre de leur vie conjugale. \u00ab Les enfants te r\u00e9clament. Ce projet te bouffe, et nous avec. \u00bb<\/p>\n<p>\u00ab Je fais \u00e7a pour nous, pour un avenir meilleur, \u00bb r\u00e9pliqua-t-elle, tentant de justifier son absence. Mais au fond, elle savait que sa r\u00e9ponse n&#8217;\u00e9tait qu&#8217;une excuse. L&#8217;adr\u00e9naline du succ\u00e8s avait pris le pas sur sa vie personnelle.<\/p>\n<p>Les semaines pass\u00e8rent, chaque journ\u00e9e plus charg\u00e9e que la pr\u00e9c\u00e9dente. Un matin, alors qu&#8217;elle se pr\u00e9parait pour une pr\u00e9sentation cruciale, son t\u00e9l\u00e9phone vibra. Un message de l&#8217;\u00e9cole : sa fille, Emma, venait d&#8217;\u00eatre hospitalis\u00e9e suite \u00e0 une chute. Un choix s&#8217;imposait : sa carri\u00e8re ou sa famille.<\/p>\n<p>Clara se pr\u00e9cipita \u00e0 l&#8217;h\u00f4pital, abandonnant sa pr\u00e9sentation, l&#8217;esprit en \u00e9bullition. \u00c0 son arriv\u00e9e, elle trouva Emma en pleurs, Thomas \u00e0 ses c\u00f4t\u00e9s, l&#8217;air accabl\u00e9. \u00ab Tu es enfin l\u00e0, \u00bb murmura Emma, sa petite voix r\u00e9sonnant comme un \u00e9cho dans le c\u0153ur de Clara.<\/p>\n<p>Ce moment, ce regard de sa fille, lui fit comprendre l&#8217;essentiel. Elle avait n\u00e9glig\u00e9 l&#8217;amour de ses proches pour une carri\u00e8re qui, malgr\u00e9 ses succ\u00e8s, la laissait vide.<\/p>\n<p>Clara prit alors une d\u00e9cision radicale. Elle discuterait avec son \u00e9quipe pour d\u00e9l\u00e9guer certaines t\u00e2ches, trouver cet \u00e9quilibre qu&#8217;elle avait perdu. Le soir m\u00eame, elle r\u00e9unit sa famille autour d&#8217;un repas improvis\u00e9, promettant de r\u00e9tablir le lien distendu.<\/p>\n<p>Son choix la lib\u00e9ra. Elle r\u00e9alisa que le succ\u00e8s personnel n&#8217;avait de sens que s&#8217;il pouvait \u00eatre partag\u00e9 avec ceux qu&#8217;elle aimait. Sa carri\u00e8re prit une nouvelle tournure, mais cette fois, Clara savait o\u00f9 se trouvait sa v\u00e9ritable richesse.<\/p>\n<p>Elle avait fait le bon choix.<\/p>\n","protected":false},"excerpt":{"rendered":"<p>Depuis qu&#8217;elle avait d\u00e9croch\u00e9 le contrat de sa vie, les appels ne cessaient de pleuvoir. Chaque appel \u00e9tait une opportunit\u00e9, une pierre de plus dans l&#8217;\u00e9difice de sa carri\u00e8re flamboyante, mais aussi un pas de plus vers l&#8217;\u00e9loignement de son mari et de ses enfants. Clara avait toujours \u00e9t\u00e9 ambitieuse, r\u00eavant de conqu\u00e9rir le monde &#8230; <a title=\"Le Prix de l&#8217;Ambition\" class=\"read-more\" href=\"https:\/\/medialur.com\/?p=88125\" aria-label=\"Read more about Le Prix de l&#8217;Ambition\">Read more<\/a><\/p>\n","protected":false},"author":7,"featured_media":88126,"comment_status":"","ping_status":"","sticky":false,"template":"","format":"standard","meta":{"footnotes":""},"categories":[1],"tags":[],"class_list":["post-88125","post","type-post","status-publish","format-standard","has-post-thumbnail","hentry","category-uncategorized"],"views":123,"_links":{"self":[{"href":"https:\/\/medialur.com\/index.php?rest_route=\/wp\/v2\/posts\/88125","targetHints":{"allow":["GET"]}}],"collection":[{"href":"https:\/\/medialur.com\/index.php?rest_route=\/wp\/v2\/posts"}],"about":[{"href":"https:\/\/medialur.com\/index.php?rest_route=\/wp\/v2\/types\/post"}],"author":[{"embeddable":true,"href":"https:\/\/medialur.com\/index.php?rest_route=\/wp\/v2\/users\/7"}],"replies":[{"embeddable":true,"href":"https:\/\/medialur.com\/index.php?rest_route=%2Fwp%2Fv2%2Fcomments&post=88125"}],"version-history":[{"count":0,"href":"https:\/\/medialur.com\/index.php?rest_route=\/wp\/v2\/posts\/88125\/revisions"}],"wp:featuredmedia":[{"embeddable":true,"href":"https:\/\/medialur.com\/index.php?rest_route=\/wp\/v2\/media\/88126"}],"wp:attachment":[{"href":"https:\/\/medialur.com\/index.php?rest_route=%2Fwp%2Fv2%2Fmedia&parent=88125"}],"wp:term":[{"taxonomy":"category","embeddable":true,"href":"https:\/\/medialur.com\/index.php?rest_route=%2Fwp%2Fv2%2Fcategories&post=88125"},{"taxonomy":"post_tag","embeddable":true,"href":"https:\/\/medialur.com\/index.php?rest_route=%2Fwp%2Fv2%2Ftags&post=88125"}],"curies":[{"name":"wp","href":"https:\/\/api.w.org\/{rel}","templated":true}]}}