{"id":88115,"date":"2025-06-20T14:54:16","date_gmt":"2025-06-20T10:54:16","guid":{"rendered":"https:\/\/medialur.com\/le-reveil-de-marianne-quand-le-silence-nest-plus-une-option\/"},"modified":"2025-06-20T14:54:16","modified_gmt":"2025-06-20T10:54:16","slug":"le-reveil-de-marianne-quand-le-silence-nest-plus-une-option","status":"publish","type":"post","link":"https:\/\/medialur.com\/?p=88115","title":{"rendered":"Le R\u00e9veil de Marianne : Quand le Silence n&#8217;est Plus une Option"},"content":{"rendered":"<p>Pendant des ann\u00e9es, Marianne avait pli\u00e9 sous le poids des attentes d\u00e9raisonnables de Julien, esp\u00e9rant toujours que son d\u00e9vouement inconditionnel serait enfin reconnu. Mais un jour, tout bascula.<\/p>\n<p>Marianne avait toujours \u00e9t\u00e9 la colonne vert\u00e9brale de leur foyer, jonglant entre son travail exigeant et les besoins de leur famille. Julien, bien que charmant au d\u00e9but de leur union, s&#8217;\u00e9tait peu \u00e0 peu transform\u00e9 en un tyran domestique, exigeant toujours plus de Marianne tout en contribuant de moins en moins.<\/p>\n<p>Chaque matin, elle se levait \u00e0 l&#8217;aube pour pr\u00e9parer le petit-d\u00e9jeuner, alors que Julien restait indiff\u00e9rent aux corv\u00e9es domestiques. \u00ab Marianne, tu as oubli\u00e9 de repasser ma chemise \u00bb, lan\u00e7ait-il souvent, le regard fix\u00e9 sur son t\u00e9l\u00e9phone. Elle s\u2019excusait, le c\u0153ur lourd, se demandant comment elle pouvait toujours se retrouver en faute. <\/p>\n<p>Les soir\u00e9es \u00e9taient remplies de silences tendus, de r\u00e9criminations \u00e0 peine voil\u00e9es. Malgr\u00e9 tout, Marianne continuait \u00e0 esp\u00e9rer un changement, rong\u00e9e par la culpabilit\u00e9 et le doute. \u00c9tait-elle vraiment \u00e0 la hauteur ?<\/p>\n<p>Le point de rupture arriva un soir pluvieux. Marianne, \u00e9puis\u00e9e apr\u00e8s une journ\u00e9e harassante, avait pr\u00e9par\u00e9 un d\u00eener que Julien critiqua sans m\u00e9nagement. \u00ab Ce poisson est trop cuit, comme d\u2019habitude \u00bb, dit-il s\u00e8chement.<\/p>\n<p>Pour la premi\u00e8re fois, elle sentit une col\u00e8re sourde monter en elle. Le d\u00e9clic se produisit lorsqu&#8217;elle r\u00e9alisa qu\u2019elle passait sa vie \u00e0 satisfaire quelqu&#8217;un qui ne se pr\u00e9occupait jamais de son bien-\u00eatre. <\/p>\n<p>\u00ab Julien, \u00e7a suffit \u00bb, dit-elle d&#8217;une voix tremblante mais d\u00e9termin\u00e9e. \u00ab J\u2019en ai assez de tout donner sans rien recevoir. \u00bb<\/p>\n<p>Julien, surpris par ce soudain \u00e9lan de franchise, se tourna vers elle. \u00ab Qu&#8217;est-ce que tu veux dire ? \u00bb<\/p>\n<p>\u00ab Je veux dire que je suis fatigu\u00e9e d&#8217;\u00eatre la seule \u00e0 faire des efforts. Tu ne m&#8217;as jamais soutenue comme je l&#8217;ai fait pour toi. \u00bb<\/p>\n<p>Le silence qui suivit fut pesant. Julien, pris au d\u00e9pourvu, chercha ses mots. \u00ab Je&#8230; je ne savais pas que tu te sentais ainsi. \u00bb<\/p>\n<p>Marianne se leva, la voix plus assur\u00e9e. \u00ab C\u2019est le probl\u00e8me, Julien. Tu n\u2019as jamais pris la peine de le savoir. \u00bb<\/p>\n<p>Cette confrontation fut un tournant. Marianne continua de parler, exprimant des ann\u00e9es de ressentiment enfoui. Julien, bien que d\u00e9stabilis\u00e9, commen\u00e7a \u00e0 comprendre l&#8217;ampleur de ses manquements.<\/p>\n<p>Les semaines qui suivirent furent marqu\u00e9es par des discussions intenses mais n\u00e9cessaires, o\u00f9 chacun exprima ses besoins et ses frustrations. Leur relation, bien qu&#8217;\u00e9branl\u00e9e, prit un nouveau d\u00e9part. Marianne avait trouv\u00e9 sa voix et ne comptait plus la perdre.<\/p>\n<p>Julien, conscient d&#8217;avoir presque tout perdu, entreprit de changer, cette fois pour de bon. Les petits gestes qu&#8217;il n\u00e9gligeait auparavant devinrent des symboles de son engagement renouvel\u00e9.<\/p>\n<p>Marianne se sentait enfin libre et respect\u00e9e, ayant compris que le v\u00e9ritable amour commence par le respect de soi-m\u00eame.<\/p>\n","protected":false},"excerpt":{"rendered":"<p>Pendant des ann\u00e9es, Marianne avait pli\u00e9 sous le poids des attentes d\u00e9raisonnables de Julien, esp\u00e9rant toujours que son d\u00e9vouement inconditionnel serait enfin reconnu. Mais un jour, tout bascula. Marianne avait toujours \u00e9t\u00e9 la colonne vert\u00e9brale de leur foyer, jonglant entre son travail exigeant et les besoins de leur famille. Julien, bien que charmant au d\u00e9but &#8230; <a title=\"Le R\u00e9veil de Marianne : Quand le Silence n&#8217;est Plus une Option\" class=\"read-more\" href=\"https:\/\/medialur.com\/?p=88115\" aria-label=\"Read more about Le R\u00e9veil de Marianne : Quand le Silence n&#8217;est Plus une Option\">Read more<\/a><\/p>\n","protected":false},"author":9,"featured_media":88116,"comment_status":"","ping_status":"","sticky":false,"template":"","format":"standard","meta":{"footnotes":""},"categories":[1],"tags":[],"class_list":["post-88115","post","type-post","status-publish","format-standard","has-post-thumbnail","hentry","category-uncategorized"],"views":1999,"_links":{"self":[{"href":"https:\/\/medialur.com\/index.php?rest_route=\/wp\/v2\/posts\/88115","targetHints":{"allow":["GET"]}}],"collection":[{"href":"https:\/\/medialur.com\/index.php?rest_route=\/wp\/v2\/posts"}],"about":[{"href":"https:\/\/medialur.com\/index.php?rest_route=\/wp\/v2\/types\/post"}],"author":[{"embeddable":true,"href":"https:\/\/medialur.com\/index.php?rest_route=\/wp\/v2\/users\/9"}],"replies":[{"embeddable":true,"href":"https:\/\/medialur.com\/index.php?rest_route=%2Fwp%2Fv2%2Fcomments&post=88115"}],"version-history":[{"count":0,"href":"https:\/\/medialur.com\/index.php?rest_route=\/wp\/v2\/posts\/88115\/revisions"}],"wp:featuredmedia":[{"embeddable":true,"href":"https:\/\/medialur.com\/index.php?rest_route=\/wp\/v2\/media\/88116"}],"wp:attachment":[{"href":"https:\/\/medialur.com\/index.php?rest_route=%2Fwp%2Fv2%2Fmedia&parent=88115"}],"wp:term":[{"taxonomy":"category","embeddable":true,"href":"https:\/\/medialur.com\/index.php?rest_route=%2Fwp%2Fv2%2Fcategories&post=88115"},{"taxonomy":"post_tag","embeddable":true,"href":"https:\/\/medialur.com\/index.php?rest_route=%2Fwp%2Fv2%2Ftags&post=88115"}],"curies":[{"name":"wp","href":"https:\/\/api.w.org\/{rel}","templated":true}]}}