{"id":88111,"date":"2025-06-20T14:51:40","date_gmt":"2025-06-20T10:51:40","guid":{"rendered":"https:\/\/medialur.com\/la-revolte-contre-la-belle-mere-autoritaire\/"},"modified":"2025-06-20T14:51:40","modified_gmt":"2025-06-20T10:51:40","slug":"la-revolte-contre-la-belle-mere-autoritaire","status":"publish","type":"post","link":"https:\/\/medialur.com\/?p=88111","title":{"rendered":"La R\u00e9volte contre la Belle-M\u00e8re Autoritaire"},"content":{"rendered":"<p>Tout ce qu&#8217;il a fallu, c&#8217;\u00e9tait une f\u00eate d&#8217;anniversaire annul\u00e9e pour que nous voyions enfin les v\u00e9ritables intentions de Simone, la belle-m\u00e8re. C&#8217;\u00e9tait un samedi matin, et nous avions pr\u00e9vu de f\u00eater les trois ans de notre fils, Lucas. Les d\u00e9corations \u00e9taient pr\u00eates, la maison orn\u00e9e de ballons multicolores, et les invit\u00e9s devaient arriver d&#8217;une minute \u00e0 l&#8217;autre. C&#8217;est alors que Simone a fait son entr\u00e9e, d\u00e9cid\u00e9e \u00e0 prendre les r\u00eanes comme elle le faisait si souvent.<\/p>\n<p>Mon mari, Thomas, \u00e9tait accoutum\u00e9 \u00e0 ses exigences. &#8220;Elle veut juste que tout soit parfait,&#8221; me disait-il souvent, justifiant son comportement. Mais ce jour-l\u00e0, Simone \u00e9tait all\u00e9e trop loin. Elle avait d\u00e9cid\u00e9 unilat\u00e9ralement de changer le th\u00e8me de la f\u00eate de Lucas pour quelque chose de plus &#8220;r\u00e9aliste&#8221;, annulant nos pr\u00e9parations sans m\u00eame nous consulter.<\/p>\n<p>&#8220;C&#8217;est mieux pour Lucas,&#8221; d\u00e9cr\u00e9ta-t-elle, en levant un sourcil. &#8220;Il n&#8217;a pas besoin de toutes ces fioritures inutiles.&#8221; J&#8217;ai ressenti une chaleur monter en moi, mes poings se serrant sous la table, tandis que je lan\u00e7ais un regard implorant \u00e0 Thomas.<\/p>\n<p>Il h\u00e9sitait, pris entre sa loyaut\u00e9 pour sa m\u00e8re et notre souhait de donner \u00e0 notre fils l&#8217;anniversaire qu&#8217;il d\u00e9sirait. &#8220;Maman, je suis s\u00fbr que Lucas serait ravi avec ce que nous avons pr\u00e9vu,&#8221; tenta-t-il, sa voix incertaine.<\/p>\n<p>Mais Simone ne l&#8217;entendait pas de cette oreille. &#8220;Vous \u00eates encore jeunes. Vous comprendrez avec le temps, quand vous saurez ce qui est mieux pour un enfant.&#8221; Sa voix r\u00e9sonnait comme un tonnerre dans la pi\u00e8ce silencieuse.<\/p>\n<p>C&#8217;est alors qu&#8217;un d\u00e9clic se produisit en moi. Je ne pouvais plus laisser Simone d\u00e9cider pour nous, pour notre famille. Je me suis lev\u00e9e, ma voix tremblante mais d\u00e9termin\u00e9e. &#8220;Avec tout le respect que je vous dois, Simone, c&#8217;est l&#8217;anniversaire de Lucas, pas le v\u00f4tre. Nous avons pris ces d\u00e9cisions pour lui, et nous aimerions que vous les respectiez.&#8221; Je sentis une vague de soulagement et de force en disant ces mots.<\/p>\n<p>Thomas, surpris, mit quelques secondes avant de me rejoindre, mais je pouvais voir qu&#8217;il \u00e9tait fier. &#8220;Elise a raison, maman. C&#8217;est notre famille, et il est temps que nous prenions nos propres d\u00e9cisions.&#8221;<\/p>\n<p>Simone, d\u00e9contenanc\u00e9e, ouvrit la bouche pour r\u00e9pondre, mais rien ne vint. Elle nous regarda, et je vis pour la premi\u00e8re fois une lueur de compr\u00e9hension dans ses yeux. Elle se retourna finalement et quitta la pi\u00e8ce sans un mot. Nous savions que les choses ne seraient pas faciles, mais nous avions franchi un pas essentiel vers l&#8217;autonomie de notre famille.<\/p>\n<p>A partir de ce jour, Thomas et moi avons mis en place des limites claires. Les discussions avec Simone devinrent plus respectueuses, et bien que son caract\u00e8re autoritaire ne disparaisse jamais compl\u00e8tement, elle semblait avoir compris que notre famille \u00e9tait d\u00e9sormais capable de se tenir debout sans son ombre omnipr\u00e9sente.<\/p>\n","protected":false},"excerpt":{"rendered":"<p>Tout ce qu&#8217;il a fallu, c&#8217;\u00e9tait une f\u00eate d&#8217;anniversaire annul\u00e9e pour que nous voyions enfin les v\u00e9ritables intentions de Simone, la belle-m\u00e8re. C&#8217;\u00e9tait un samedi matin, et nous avions pr\u00e9vu de f\u00eater les trois ans de notre fils, Lucas. Les d\u00e9corations \u00e9taient pr\u00eates, la maison orn\u00e9e de ballons multicolores, et les invit\u00e9s devaient arriver d&#8217;une &#8230; <a title=\"La R\u00e9volte contre la Belle-M\u00e8re Autoritaire\" class=\"read-more\" href=\"https:\/\/medialur.com\/?p=88111\" aria-label=\"Read more about La R\u00e9volte contre la Belle-M\u00e8re Autoritaire\">Read more<\/a><\/p>\n","protected":false},"author":12,"featured_media":88112,"comment_status":"","ping_status":"","sticky":false,"template":"","format":"standard","meta":{"footnotes":""},"categories":[1],"tags":[],"class_list":["post-88111","post","type-post","status-publish","format-standard","has-post-thumbnail","hentry","category-uncategorized"],"views":281,"_links":{"self":[{"href":"https:\/\/medialur.com\/index.php?rest_route=\/wp\/v2\/posts\/88111","targetHints":{"allow":["GET"]}}],"collection":[{"href":"https:\/\/medialur.com\/index.php?rest_route=\/wp\/v2\/posts"}],"about":[{"href":"https:\/\/medialur.com\/index.php?rest_route=\/wp\/v2\/types\/post"}],"author":[{"embeddable":true,"href":"https:\/\/medialur.com\/index.php?rest_route=\/wp\/v2\/users\/12"}],"replies":[{"embeddable":true,"href":"https:\/\/medialur.com\/index.php?rest_route=%2Fwp%2Fv2%2Fcomments&post=88111"}],"version-history":[{"count":0,"href":"https:\/\/medialur.com\/index.php?rest_route=\/wp\/v2\/posts\/88111\/revisions"}],"wp:featuredmedia":[{"embeddable":true,"href":"https:\/\/medialur.com\/index.php?rest_route=\/wp\/v2\/media\/88112"}],"wp:attachment":[{"href":"https:\/\/medialur.com\/index.php?rest_route=%2Fwp%2Fv2%2Fmedia&parent=88111"}],"wp:term":[{"taxonomy":"category","embeddable":true,"href":"https:\/\/medialur.com\/index.php?rest_route=%2Fwp%2Fv2%2Fcategories&post=88111"},{"taxonomy":"post_tag","embeddable":true,"href":"https:\/\/medialur.com\/index.php?rest_route=%2Fwp%2Fv2%2Ftags&post=88111"}],"curies":[{"name":"wp","href":"https:\/\/api.w.org\/{rel}","templated":true}]}}