{"id":88107,"date":"2025-06-20T14:49:08","date_gmt":"2025-06-20T10:49:08","guid":{"rendered":"https:\/\/medialur.com\/liberation-de-lombre-du-mariage\/"},"modified":"2025-06-20T14:49:08","modified_gmt":"2025-06-20T10:49:08","slug":"liberation-de-lombre-du-mariage","status":"publish","type":"post","link":"https:\/\/medialur.com\/?p=88107","title":{"rendered":"Lib\u00e9ration de l&#8217;Ombre du Mariage"},"content":{"rendered":"<p>Pendant des ann\u00e9es, Camille s&#8217;\u00e9tait efforc\u00e9e de tout faire pour plaire \u00e0 Marc. Elle encaissait ses critiques, ses exigences sans fin, esp\u00e9rant que ses efforts am\u00e8neraient enfin la paix et la reconnaissance qu&#8217;elle m\u00e9ritait. Mais ce jour-l\u00e0, en voyant son reflet dans le miroir, quelque chose se brisa.<\/p>\n<p>Marc rentrait souvent tard, toujours avec une excuse. &#8220;J&#8217;ai eu une r\u00e9union de derni\u00e8re minute,&#8221; disait-il, sans jamais vraiment s&#8217;excuser, comme s&#8217;il \u00e9tait naturel que Camille l&#8217;attende. Et chaque soir, la m\u00eame rengaine : &#8220;Le d\u00eener n&#8217;est pas assez chaud&#8221;, &#8220;Tu devrais vraiment essayer de t&#8217;habiller plus \u00e9l\u00e9gamment&#8221;. Camille, avec sa douceur habituelle, r\u00e9pondait par un sourire forc\u00e9, cachant les blessures.<\/p>\n<p>Lors d&#8217;un dimanche matin, alors qu&#8217;ils prenaient leur petit d\u00e9jeuner, Marc fit une remarque qui tranchait plus profond\u00e9ment que les pr\u00e9c\u00e9dentes. &#8220;Ma m\u00e8re pense que tu pourrais mieux tenir la maison,&#8221; dit-il, ses yeux riv\u00e9s sur son journal. Camille cessa de remuer son caf\u00e9, sentant le feu de la frustration monter en elle.<\/p>\n<p>Elle se rappela cette discussion anim\u00e9e avec son amie Emma quelques jours plus t\u00f4t. &#8220;Tu ne m\u00e9rites pas \u00e7a, Camille,&#8221; lui avait dit Emma. &#8220;Une relation devrait \u00eatre un partenariat, pas un fardeau.&#8221; Ces mots r\u00e9sonnaient encore dans son esprit alors qu&#8217;elle se pr\u00e9parait \u00e0 affronter Marc.<\/p>\n<p>La r\u00e9alisation qu&#8217;elle devait se d\u00e9fendre s&#8217;\u00e9tait install\u00e9e. Elle d\u00e9cida que ce matin-l\u00e0 serait diff\u00e9rent. Elle posa sa tasse avec d\u00e9termination. &#8220;Marc,&#8221; commen\u00e7a-t-elle, sa voix \u00e9tonnamment calme, &#8220;Je suis fatigu\u00e9e. Fatigu\u00e9e de ces commentaires incessants, de cette indiff\u00e9rence. Je veux \u00eatre respect\u00e9e et aim\u00e9e pour qui je suis, pas pour l&#8217;image que tu veux que je sois.&#8221;<\/p>\n<p>Marc la regarda, surpris par sa soudaine franchise. &#8220;Mais Camille, je pensais que tu \u00e9tais heureuse,&#8221; balbutia-t-il, perdant de sa superbe.<\/p>\n<p>&#8220;Heureuse ?&#8221; s&#8217;exclama-t-elle, les larmes aux yeux. &#8220;Heureuse de vivre dans l&#8217;ombre de tes attentes ? Cela doit changer, Marc. Sinon, je devrai reprendre ma vie en main, seule.&#8221;<\/p>\n<p>Ce fut un coup de tonnerre dans leur quotidien. Camille, revigor\u00e9e par sa propre audace, sentit un poids quitter ses \u00e9paules. Elle s&#8217;\u00e9tait battue pour elle-m\u00eame, et peu importait la r\u00e9action de Marc, elle savait qu&#8217;elle ne pourrait plus jamais revenir en arri\u00e8re.<\/p>\n<p>Marc prit quelques jours pour r\u00e9fl\u00e9chir. La maison \u00e9tait \u00e9trangement silencieuse, mais dans ce silence, il comprit l&#8217;ampleur de son \u00e9go\u00efsme. Il r\u00e9alisa la femme extraordinaire qu&#8217;\u00e9tait Camille et combien il avait \u00e0 perdre.<\/p>\n<p>Un soir, il rentra plus t\u00f4t que d&#8217;habitude. &#8220;Camille,&#8221; dit-il, sa voix charg\u00e9e de sinc\u00e9rit\u00e9. &#8220;Je suis d\u00e9sol\u00e9. Je veux vraiment faire un effort pour changer. Pour nous.&#8221;<\/p>\n<p>Camille le regarda, cherchant des signes de v\u00e9rit\u00e9 dans ses yeux. Elle savait que le chemin serait long, mais elle ressentait enfin l&#8217;espoir rena\u00eetre.<\/p>\n<p>Ils commenc\u00e8rent \u00e0 reconstruire leur relation sur de nouvelles bases, avec respect et amour, Camille ayant red\u00e9couvert sa force et Marc, sa capacit\u00e9 \u00e0 apprendre et \u00e0 changer.<\/p>\n","protected":false},"excerpt":{"rendered":"<p>Pendant des ann\u00e9es, Camille s&#8217;\u00e9tait efforc\u00e9e de tout faire pour plaire \u00e0 Marc. Elle encaissait ses critiques, ses exigences sans fin, esp\u00e9rant que ses efforts am\u00e8neraient enfin la paix et la reconnaissance qu&#8217;elle m\u00e9ritait. Mais ce jour-l\u00e0, en voyant son reflet dans le miroir, quelque chose se brisa. Marc rentrait souvent tard, toujours avec une &#8230; <a title=\"Lib\u00e9ration de l&#8217;Ombre du Mariage\" class=\"read-more\" href=\"https:\/\/medialur.com\/?p=88107\" aria-label=\"Read more about Lib\u00e9ration de l&#8217;Ombre du Mariage\">Read more<\/a><\/p>\n","protected":false},"author":13,"featured_media":88108,"comment_status":"","ping_status":"","sticky":false,"template":"","format":"standard","meta":{"footnotes":""},"categories":[1],"tags":[],"class_list":["post-88107","post","type-post","status-publish","format-standard","has-post-thumbnail","hentry","category-uncategorized"],"views":319,"_links":{"self":[{"href":"https:\/\/medialur.com\/index.php?rest_route=\/wp\/v2\/posts\/88107","targetHints":{"allow":["GET"]}}],"collection":[{"href":"https:\/\/medialur.com\/index.php?rest_route=\/wp\/v2\/posts"}],"about":[{"href":"https:\/\/medialur.com\/index.php?rest_route=\/wp\/v2\/types\/post"}],"author":[{"embeddable":true,"href":"https:\/\/medialur.com\/index.php?rest_route=\/wp\/v2\/users\/13"}],"replies":[{"embeddable":true,"href":"https:\/\/medialur.com\/index.php?rest_route=%2Fwp%2Fv2%2Fcomments&post=88107"}],"version-history":[{"count":0,"href":"https:\/\/medialur.com\/index.php?rest_route=\/wp\/v2\/posts\/88107\/revisions"}],"wp:featuredmedia":[{"embeddable":true,"href":"https:\/\/medialur.com\/index.php?rest_route=\/wp\/v2\/media\/88108"}],"wp:attachment":[{"href":"https:\/\/medialur.com\/index.php?rest_route=%2Fwp%2Fv2%2Fmedia&parent=88107"}],"wp:term":[{"taxonomy":"category","embeddable":true,"href":"https:\/\/medialur.com\/index.php?rest_route=%2Fwp%2Fv2%2Fcategories&post=88107"},{"taxonomy":"post_tag","embeddable":true,"href":"https:\/\/medialur.com\/index.php?rest_route=%2Fwp%2Fv2%2Ftags&post=88107"}],"curies":[{"name":"wp","href":"https:\/\/api.w.org\/{rel}","templated":true}]}}