{"id":88095,"date":"2025-06-20T14:43:15","date_gmt":"2025-06-20T10:43:15","guid":{"rendered":"https:\/\/medialur.com\/la-revolte-contre-la-belle-mere-dominatrice\/"},"modified":"2025-06-20T14:43:15","modified_gmt":"2025-06-20T10:43:15","slug":"la-revolte-contre-la-belle-mere-dominatrice","status":"publish","type":"post","link":"https:\/\/medialur.com\/?p=88095","title":{"rendered":"La R\u00e9volte Contre la Belle-M\u00e8re Dominatrice"},"content":{"rendered":"<p>Tout a commenc\u00e9 le jour o\u00f9 elle a insist\u00e9 pour annuler nos vacances en famille parce que cela \u00ab perturbait la tradition \u00bb de passer No\u00ebl chez elle. Depuis ce jour, nous avons commenc\u00e9 \u00e0 voir les v\u00e9ritables intentions de maman Jeanine.<\/p>\n<p>Cela faisait des ann\u00e9es que Jeanine, ma belle-m\u00e8re, avait impos\u00e9 son influence sur notre quotidien. Mon mari, Luc, et moi avions toujours tent\u00e9 de rester diplomates, sourires forc\u00e9s aux l\u00e8vres, tout en cachant nos poings serr\u00e9s sous la table. Mais lorsque Clara, notre fille de huit ans, a fondu en larmes en d\u00e9couvrant que ses vacances \u00e0 la montagne avaient \u00e9t\u00e9 annul\u00e9es, ce fut la goutte d&#8217;eau qui fit d\u00e9border le vase.<\/p>\n<p>\u00ab Maman, je ne comprends pas pourquoi on doit toujours tout faire comme elle le dit \u00bb, ai-je murmur\u00e9 \u00e0 Luc, esp\u00e9rant qu&#8217;il pourrait enfin se ranger de mon c\u00f4t\u00e9. Il haussa les \u00e9paules, un m\u00e9lange de culpabilit\u00e9 et de r\u00e9signation dans le regard. \u00ab C&#8217;est ma m\u00e8re, L\u00e9a. Tu sais comment elle est. \u00bb<\/p>\n<p>Jeanine \u00e9tait de ces femmes pour qui chaque d\u00e9tail devait \u00eatre sous contr\u00f4le. Elle choisissait nos meubles, s&#8217;insinuait dans nos choix scolaires pour Clara, et n&#8217;h\u00e9sitait pas \u00e0 critiquer ouvertement notre fa\u00e7on d&#8217;\u00e9lever notre fille. Chaque r\u00e9union de famille \u00e9tait une \u00e9preuve o\u00f9 nous devions nous plier \u00e0 son autorit\u00e9 sous peine de subir ses foudres silencieuses et glaciales.<\/p>\n<p>Le jour du No\u00ebl chez elle, la tension \u00e9tait palpable. Clara, encore marqu\u00e9e par l&#8217;annulation de nos vacances, refusait de mettre la robe que Jeanine lui avait offerte. \u00ab Tu vas la mettre, n&#8217;est-ce pas? \u00bb demanda Jeanine d&#8217;un ton qui ne laissait pas de place \u00e0 la r\u00e9plique. Clara, les larmes aux yeux, secoua la t\u00eate.<\/p>\n<p>Ce fut \u00e0 ce moment-l\u00e0 que quelque chose en moi se brisa. \u00ab Non, Clara ne mettra pas cette robe si elle n&#8217;en a pas envie \u00bb, d\u00e9clarai-je, la voix tremblante mais ferme. Jeanine se tourna vers moi, ses yeux lan\u00e7ant des \u00e9clairs. \u00ab L\u00e9a, je pensais que tu comprendrais l&#8217;importance de cette journ\u00e9e. \u00bb<\/p>\n<p>\u00ab Non, ce que je comprends, c&#8217;est que tu d\u00e9passes les bornes \u00bb, r\u00e9pliquai-je, la col\u00e8re montant en moi. \u00ab Nous sommes une famille autonome, Jeanine. Nous avons le droit de prendre nos propres d\u00e9cisions sans \u00eatre constamment sous ta coupe. \u00bb<\/p>\n<p>Le silence lourd qui s&#8217;ensuivit fut bris\u00e9 par Luc, qui se leva pour nous rejoindre. \u00ab Maman, L\u00e9a a raison. Nous t&#8217;aimons, mais il est temps que nous vivions notre propre vie. \u00bb<\/p>\n<p>Ce fut notre moment de lib\u00e9ration. Nous avons quitt\u00e9 la maison de Jeanine, main dans la main, et cette rupture nous lib\u00e9ra d&#8217;un joug invisible. Ce soir-l\u00e0, en rentrant chez nous, nous avons promis de ne plus jamais laisser quelqu&#8217;un d&#8217;autre dicter notre bonheur.<\/p>\n<p>Clara souriait enfin, et il \u00e9tait temps de b\u00e2tir un avenir o\u00f9 nous choisirions notre propre chemin.<\/p>\n","protected":false},"excerpt":{"rendered":"<p>Tout a commenc\u00e9 le jour o\u00f9 elle a insist\u00e9 pour annuler nos vacances en famille parce que cela \u00ab perturbait la tradition \u00bb de passer No\u00ebl chez elle. Depuis ce jour, nous avons commenc\u00e9 \u00e0 voir les v\u00e9ritables intentions de maman Jeanine. Cela faisait des ann\u00e9es que Jeanine, ma belle-m\u00e8re, avait impos\u00e9 son influence sur &#8230; <a title=\"La R\u00e9volte Contre la Belle-M\u00e8re Dominatrice\" class=\"read-more\" href=\"https:\/\/medialur.com\/?p=88095\" aria-label=\"Read more about La R\u00e9volte Contre la Belle-M\u00e8re Dominatrice\">Read more<\/a><\/p>\n","protected":false},"author":11,"featured_media":88096,"comment_status":"","ping_status":"","sticky":false,"template":"","format":"standard","meta":{"footnotes":""},"categories":[1],"tags":[],"class_list":["post-88095","post","type-post","status-publish","format-standard","has-post-thumbnail","hentry","category-uncategorized"],"views":139,"_links":{"self":[{"href":"https:\/\/medialur.com\/index.php?rest_route=\/wp\/v2\/posts\/88095","targetHints":{"allow":["GET"]}}],"collection":[{"href":"https:\/\/medialur.com\/index.php?rest_route=\/wp\/v2\/posts"}],"about":[{"href":"https:\/\/medialur.com\/index.php?rest_route=\/wp\/v2\/types\/post"}],"author":[{"embeddable":true,"href":"https:\/\/medialur.com\/index.php?rest_route=\/wp\/v2\/users\/11"}],"replies":[{"embeddable":true,"href":"https:\/\/medialur.com\/index.php?rest_route=%2Fwp%2Fv2%2Fcomments&post=88095"}],"version-history":[{"count":0,"href":"https:\/\/medialur.com\/index.php?rest_route=\/wp\/v2\/posts\/88095\/revisions"}],"wp:featuredmedia":[{"embeddable":true,"href":"https:\/\/medialur.com\/index.php?rest_route=\/wp\/v2\/media\/88096"}],"wp:attachment":[{"href":"https:\/\/medialur.com\/index.php?rest_route=%2Fwp%2Fv2%2Fmedia&parent=88095"}],"wp:term":[{"taxonomy":"category","embeddable":true,"href":"https:\/\/medialur.com\/index.php?rest_route=%2Fwp%2Fv2%2Fcategories&post=88095"},{"taxonomy":"post_tag","embeddable":true,"href":"https:\/\/medialur.com\/index.php?rest_route=%2Fwp%2Fv2%2Ftags&post=88095"}],"curies":[{"name":"wp","href":"https:\/\/api.w.org\/{rel}","templated":true}]}}