{"id":88073,"date":"2025-06-20T14:27:51","date_gmt":"2025-06-20T10:27:51","guid":{"rendered":"https:\/\/medialur.com\/lequilibre-fragile-16\/"},"modified":"2025-06-20T14:27:51","modified_gmt":"2025-06-20T10:27:51","slug":"lequilibre-fragile-16","status":"publish","type":"post","link":"https:\/\/medialur.com\/?p=88073","title":{"rendered":"L&#8217;\u00c9quilibre Fragile"},"content":{"rendered":"<p>Depuis qu&#8217;elle avait d\u00e9croch\u00e9 le poste de ses r\u00eaves, la vie de Clara \u00e9tait devenue un tourbillon incessant de r\u00e9unions et de nuits blanches. Le t\u00e9l\u00e9phone \u00e9tait devenu une extension de sa main, chaque appel la propulsant un peu plus vers les sommets qu&#8217;elle avait toujours d\u00e9sir\u00e9s&#8230; mais aussi un peu plus loin de ceux qu&#8217;elle aimait.<\/p>\n<p>Clara avait toujours \u00e9t\u00e9 ambitieuse, r\u00eavant d&#8217;int\u00e9grer l&#8217;\u00e9lite des architectes de la ville. Son travail chez Verdi &amp; Associ\u00e9s \u00e9tait son monde, une ar\u00e8ne o\u00f9 elle pouvait d\u00e9montrer son ing\u00e9niosit\u00e9. Mais le prix \u00e0 payer s&#8217;\u00e9tait r\u00e9v\u00e9l\u00e9 bien plus s\u00e9v\u00e8re qu&#8217;elle ne l&#8217;avait imagin\u00e9. Elle avait commenc\u00e9 \u00e0 manquer les d\u00eeners familiaux, les anniversaires, les moments simples mais pr\u00e9cieux avec Pierre, son compagnon depuis huit ans.<\/p>\n<p>Une nuit, alors qu&#8217;elle terminait un projet crucial, Pierre entra dans le bureau transform\u00e9 en zone de guerre, papiers \u00e9parpill\u00e9s et tasses de caf\u00e9 empil\u00e9es en t\u00e9moins silencieux de l&#8217;intensit\u00e9 de son labeur. &#8220;Clara, on t&#8217;attendait au d\u00eener&#8230; encore une fois.&#8221; Sa voix trahissait une d\u00e9ception m\u00eal\u00e9e d&#8217;\u00e9puisement.<\/p>\n<p>Clara leva les yeux, d\u00e9concert\u00e9e. &#8220;Je suis d\u00e9sol\u00e9e, Pierre&#8230; ce projet doit \u00eatre termin\u00e9 pour demain, c&#8217;est important.&#8221;<\/p>\n<p>Il soupira, s&#8217;appuyant contre la porte. &#8220;Je sais que c&#8217;est important, mais nous sommes aussi importants. Tu ne te rends pas compte de ce que tu perds \u00e0 toujours \u00eatre ailleurs, m\u00eame quand tu es ici.&#8221;<\/p>\n<p>Le silence lourd s&#8217;installa entre eux, et Pierre quitta la pi\u00e8ce sans un mot de plus.<\/p>\n<p>Les semaines pass\u00e8rent, chaque jour apportant son lot de malentendus et de frustrations. Clara se plongeait de plus en plus dans son travail, esp\u00e9rant que la r\u00e9ussite professionnelle viendrait combler le vide qui s&#8217;\u00e9largissait dans sa vie personnelle. Mais lors d&#8217;un jour fatidique, elle re\u00e7ut un appel alors qu&#8217;elle se pr\u00e9parait pour une pr\u00e9sentation cruciale devant un consortium international.<\/p>\n<p>Sa m\u00e8re avait \u00e9t\u00e9 hospitalis\u00e9e. Une d\u00e9tresse l&#8217;envahit, d\u00e9chir\u00e9e entre l&#8217;urgence familiale et l&#8217;opportunit\u00e9 de carri\u00e8re qui pourrait marquer un tournant d\u00e9cisif. Elle resta paralys\u00e9e, tiraill\u00e9e par des forces oppos\u00e9es.<\/p>\n<p>Finalement, Clara se tourna vers son reflet dans le miroir, confront\u00e9e \u00e0 l&#8217;image de la femme qu&#8217;elle \u00e9tait devenue. &#8220;Qu&#8217;est-ce qui compte vraiment, Clara?&#8221; murmura-t-elle, la voix bris\u00e9e par le poids de la r\u00e9alisation.<\/p>\n<p>Elle attrapa son sac, abandonna les plans soigneusement trac\u00e9s sur la table et s&#8217;\u00e9lan\u00e7a vers l&#8217;h\u00f4pital. Elle choisit l&#8217;amour, consciente que ni le succ\u00e8s ni la reconnaissance ne pourraient remplacer les moments qu&#8217;elle pourrait perdre \u00e0 jamais.<\/p>\n<p>Clara arriva juste \u00e0 temps pour voir sa m\u00e8re ouvrir les yeux, un regard plein de tendresse et de soulagement. \u00c0 cet instant, elle sut que pour elle, rien ne pourrait \u00eatre plus pr\u00e9cieux que ce lien retrouv\u00e9.<\/p>\n<p>Finalement, elle apprit \u00e0 \u00e9quilibrer sa carri\u00e8re et sa vie personnelle, \u00e0 red\u00e9finir ses priorit\u00e9s pour int\u00e9grer ceux qu&#8217;elle aimait dans son succ\u00e8s, plut\u00f4t que de les en \u00e9carter. Elle r\u00e9alisa que la v\u00e9ritable r\u00e9ussite ne se mesure pas aux accomplissements professionnels, mais aux relations qui enrichissent notre existence.<\/p>\n","protected":false},"excerpt":{"rendered":"<p>Depuis qu&#8217;elle avait d\u00e9croch\u00e9 le poste de ses r\u00eaves, la vie de Clara \u00e9tait devenue un tourbillon incessant de r\u00e9unions et de nuits blanches. Le t\u00e9l\u00e9phone \u00e9tait devenu une extension de sa main, chaque appel la propulsant un peu plus vers les sommets qu&#8217;elle avait toujours d\u00e9sir\u00e9s&#8230; mais aussi un peu plus loin de ceux &#8230; <a title=\"L&#8217;\u00c9quilibre Fragile\" class=\"read-more\" href=\"https:\/\/medialur.com\/?p=88073\" aria-label=\"Read more about L&#8217;\u00c9quilibre Fragile\">Read more<\/a><\/p>\n","protected":false},"author":15,"featured_media":88074,"comment_status":"","ping_status":"","sticky":false,"template":"","format":"standard","meta":{"footnotes":""},"categories":[1],"tags":[],"class_list":["post-88073","post","type-post","status-publish","format-standard","has-post-thumbnail","hentry","category-uncategorized"],"views":101,"_links":{"self":[{"href":"https:\/\/medialur.com\/index.php?rest_route=\/wp\/v2\/posts\/88073","targetHints":{"allow":["GET"]}}],"collection":[{"href":"https:\/\/medialur.com\/index.php?rest_route=\/wp\/v2\/posts"}],"about":[{"href":"https:\/\/medialur.com\/index.php?rest_route=\/wp\/v2\/types\/post"}],"author":[{"embeddable":true,"href":"https:\/\/medialur.com\/index.php?rest_route=\/wp\/v2\/users\/15"}],"replies":[{"embeddable":true,"href":"https:\/\/medialur.com\/index.php?rest_route=%2Fwp%2Fv2%2Fcomments&post=88073"}],"version-history":[{"count":0,"href":"https:\/\/medialur.com\/index.php?rest_route=\/wp\/v2\/posts\/88073\/revisions"}],"wp:featuredmedia":[{"embeddable":true,"href":"https:\/\/medialur.com\/index.php?rest_route=\/wp\/v2\/media\/88074"}],"wp:attachment":[{"href":"https:\/\/medialur.com\/index.php?rest_route=%2Fwp%2Fv2%2Fmedia&parent=88073"}],"wp:term":[{"taxonomy":"category","embeddable":true,"href":"https:\/\/medialur.com\/index.php?rest_route=%2Fwp%2Fv2%2Fcategories&post=88073"},{"taxonomy":"post_tag","embeddable":true,"href":"https:\/\/medialur.com\/index.php?rest_route=%2Fwp%2Fv2%2Ftags&post=88073"}],"curies":[{"name":"wp","href":"https:\/\/api.w.org\/{rel}","templated":true}]}}