{"id":88070,"date":"2025-06-20T14:26:30","date_gmt":"2025-06-20T10:26:30","guid":{"rendered":"https:\/\/medialur.com\/les-chaines-invisibles-25\/"},"modified":"2025-06-20T14:26:30","modified_gmt":"2025-06-20T10:26:30","slug":"les-chaines-invisibles-25","status":"publish","type":"post","link":"https:\/\/medialur.com\/?p=88070","title":{"rendered":"Les Cha\u00eenes Invisibles"},"content":{"rendered":"<p>Depuis des ann\u00e9es, Claire se pliait en quatre pour satisfaire les d\u00e9sirs incessants de Paul, son mari. Toujours pr\u00eate \u00e0 r\u00e9pondre \u00e0 ses moindres caprices, elle avait oubli\u00e9 ce que cela signifiait de vivre pour elle-m\u00eame. Mais un jour, quelque chose changea.<\/p>\n<p>Le matin m\u00eame, alors que Claire pr\u00e9parait le petit-d\u00e9jeuner, Paul fit encore une remarque d\u00e9sobligeante sur la cuisson des \u0153ufs. \u00ab Tu ne peux pas faire attention, Claire ? Je te l&#8217;ai dit mille fois, je pr\u00e9f\u00e8re mes \u0153ufs un peu plus cuits ! \u00bb Les yeux de Claire se voil\u00e8rent l\u00e9g\u00e8rement, mais elle resta silencieuse, comme elle l&#8217;avait toujours fait.<\/p>\n<p>Leurs soir\u00e9es \u00e9taient souvent ponctu\u00e9es de tensions similaires. Paul rentrait du travail, s&#8217;attendant \u00e0 trouver la maison impeccablement rang\u00e9e, le d\u00eener pr\u00eat et un sourire accueillant sur le visage de sa femme. Chaque jour, Claire jonglait entre son propre emploi \u00e0 mi-temps, les courses, le m\u00e9nage et les attentes interminables de Paul. Pourtant, malgr\u00e9 ses efforts, ses actions semblaient souvent insuffisantes \u00e0 ses yeux.<\/p>\n<p>Puis vint le moment du tournant. C&#8217;\u00e9tait lors d&#8217;un d\u00eener entre amis, o\u00f9 les plaisanteries l\u00e9g\u00e8res de Paul prirent une tournure humiliante. Devant leurs amis, il se mit \u00e0 raconter une anecdote o\u00f9 Claire avait soi-disant \u00e9chou\u00e9 \u00e0 accomplir une t\u00e2che simple. \u00ab Tu te rappelles, ch\u00e9rie, quand tu avais oubli\u00e9 de prendre nos billets pour le th\u00e9\u00e2tre ? \u00bb ria-t-il, sans remarquer l&#8217;embarras de Claire.<\/p>\n<p>Ce jour-l\u00e0, quelque chose changea en elle. La nuit, elle ne parvint pas \u00e0 trouver le sommeil. Elle se repassait en boucle les commentaires de Paul, r\u00e9alisant qu&#8217;il ne s&#8217;agissait pas d&#8217;une simple blague, mais d&#8217;une habitude de rabaisser et de contr\u00f4ler. Claire sentit une col\u00e8re sourde monter en elle, une envie irr\u00e9sistible de mettre fin \u00e0 cette mascarade.<\/p>\n<p>Le lendemain matin, apr\u00e8s des ann\u00e9es de silence, Claire se leva avec une d\u00e9termination nouvelle. Tandis que Paul descendait pour le petit-d\u00e9jeuner, elle se dressa devant lui, le c\u0153ur battant mais la voix ferme. \u00ab Paul, il faut qu&#8217;on parle. Je ne peux plus continuer comme \u00e7a. J&#8217;en ai assez de tes critiques constantes&#8230; de devoir toujours me plier \u00e0 tes attentes d\u00e9raisonnables. \u00bb<\/p>\n<p>Paul sembla d\u00e9concert\u00e9 par ce revirement inattendu. \u00ab Mais, Claire, je ne&#8230; \u00bb<\/p>\n<p>\u00ab Non, \u00e9coute-moi, Paul. Je suis fatigu\u00e9e de ne jamais \u00eatre assez bien pour toi, de toujours douter de moi-m\u00eame \u00e0 cause de tes paroles. C&#8217;est termin\u00e9. Je m\u00e9rite mieux que \u00e7a, et il est temps que tu comprennes que je ne suis pas l\u00e0 pour remplir un r\u00f4le que tu as imagin\u00e9. \u00bb<\/p>\n<p>L&#8217;effet de ces mots fut comme un \u00e9lectrochoc. Paul, pris au d\u00e9pourvu, resta muet un moment. Pour la premi\u00e8re fois, il vit la d\u00e9termination et la douleur dans les yeux de Claire. \u00ab Je&#8230; je ne r\u00e9alisais pas que je te faisais autant de mal, \u00bb balbutia-t-il, visiblement \u00e9branl\u00e9.<\/p>\n<p>Cette confrontation marqua un tournant dans leur relation. Paul commen\u00e7a lentement \u00e0 changer, conscient d\u00e9sormais des besoins et des sentiments de Claire, tandis qu&#8217;elle s&#8217;engageait \u00e0 ne plus tol\u00e9rer les comportements toxiques. Malgr\u00e9 les vents contraires, ils d\u00e9cid\u00e8rent de reconstruire leur mariage sur des bases plus saines et respectueuses.<\/p>\n<p>image_prompt: A couple standing in their kitchen, with the wife looking determined and the husband appearing surprised and apologetic, mid-confrontation, capturing the intensity of emotions in their eyes.<\/p>\n","protected":false},"excerpt":{"rendered":"<p>Depuis des ann\u00e9es, Claire se pliait en quatre pour satisfaire les d\u00e9sirs incessants de Paul, son mari. Toujours pr\u00eate \u00e0 r\u00e9pondre \u00e0 ses moindres caprices, elle avait oubli\u00e9 ce que cela signifiait de vivre pour elle-m\u00eame. Mais un jour, quelque chose changea. Le matin m\u00eame, alors que Claire pr\u00e9parait le petit-d\u00e9jeuner, Paul fit encore une &#8230; <a title=\"Les Cha\u00eenes Invisibles\" class=\"read-more\" href=\"https:\/\/medialur.com\/?p=88070\" aria-label=\"Read more about Les Cha\u00eenes Invisibles\">Read more<\/a><\/p>\n","protected":false},"author":13,"featured_media":0,"comment_status":"","ping_status":"","sticky":false,"template":"","format":"standard","meta":{"footnotes":""},"categories":[1],"tags":[],"class_list":["post-88070","post","type-post","status-publish","format-standard","hentry","category-uncategorized"],"views":116,"_links":{"self":[{"href":"https:\/\/medialur.com\/index.php?rest_route=\/wp\/v2\/posts\/88070","targetHints":{"allow":["GET"]}}],"collection":[{"href":"https:\/\/medialur.com\/index.php?rest_route=\/wp\/v2\/posts"}],"about":[{"href":"https:\/\/medialur.com\/index.php?rest_route=\/wp\/v2\/types\/post"}],"author":[{"embeddable":true,"href":"https:\/\/medialur.com\/index.php?rest_route=\/wp\/v2\/users\/13"}],"replies":[{"embeddable":true,"href":"https:\/\/medialur.com\/index.php?rest_route=%2Fwp%2Fv2%2Fcomments&post=88070"}],"version-history":[{"count":0,"href":"https:\/\/medialur.com\/index.php?rest_route=\/wp\/v2\/posts\/88070\/revisions"}],"wp:attachment":[{"href":"https:\/\/medialur.com\/index.php?rest_route=%2Fwp%2Fv2%2Fmedia&parent=88070"}],"wp:term":[{"taxonomy":"category","embeddable":true,"href":"https:\/\/medialur.com\/index.php?rest_route=%2Fwp%2Fv2%2Fcategories&post=88070"},{"taxonomy":"post_tag","embeddable":true,"href":"https:\/\/medialur.com\/index.php?rest_route=%2Fwp%2Fv2%2Ftags&post=88070"}],"curies":[{"name":"wp","href":"https:\/\/api.w.org\/{rel}","templated":true}]}}