{"id":88066,"date":"2025-06-20T14:24:12","date_gmt":"2025-06-20T10:24:12","guid":{"rendered":"https:\/\/medialur.com\/la-revolte-de-camille-2\/"},"modified":"2025-07-19T13:04:46","modified_gmt":"2025-07-19T09:04:46","slug":"la-revolte-de-camille-2","status":"publish","type":"post","link":"https:\/\/medialur.com\/?p=88066","title":{"rendered":"La R\u00e9volte de Camille"},"content":{"rendered":"<p>Pendant des ann\u00e9es, Camille a tout fait pour plaire \u00e0 Marc. Elle se levait t\u00f4t, pr\u00e9parait le petit d\u00e9jeuner, s&#8217;occupait des enfants, et passait ses soir\u00e9es \u00e0 planning les t\u00e2ches du lendemain. Pourtant, elle ne recevait que rarement un mot de reconnaissance. Un soir, alors qu&#8217;elle servait le d\u00eener, Marc se plaignit encore une fois que le r\u00f4ti \u00e9tait trop cuit. Camille encaissa le reproche en silence, habitu\u00e9e \u00e0 ses remarques ac\u00e9r\u00e9es. Cependant, quelque chose s&#8217;\u00e9veillait lentement en elle, une col\u00e8re longtemps r\u00e9prim\u00e9e.<\/p>\n<p>Chaque jour, elle se sentait de plus en plus comme une domestique dans sa propre maison, absorb\u00e9e par des attentes d\u00e9mesur\u00e9es qu&#8217;elle n&#8217;avait jamais accept\u00e9es mais simplement endur\u00e9es. Marc travaillait tard, rentrait souvent de mauvaise humeur, et semblait consid\u00e9rer comme allant de soi tous les efforts de Camille pour faire tourner le foyer.<\/p>\n<p>La tension entre eux devenait palpable, comme un orage pr\u00eat \u00e0 \u00e9clater. Un matin, pendant que Camille s&#8217;affairait \u00e0 nettoyer ce que Marc avait laiss\u00e9 tra\u00eener une fois de plus, elle tomba sur une vieille photo de leur mariage. Elle se revit jeune et rayonnante, pleine d&#8217;espoir. O\u00f9 \u00e9taient pass\u00e9es ces promesses de bonheur partag\u00e9 ?<\/p>\n<p>Ce fut lors de l&#8217;anniversaire de leur fils que la situation atteignit son paroxysme. Camille avait organis\u00e9 une f\u00eate, pr\u00e9par\u00e9 le g\u00e2teau pr\u00e9f\u00e9r\u00e9 de Tom, et invit\u00e9 ses amis. Marc, bien qu&#8217;il soit pr\u00e9sent, \u00e9tait sur son t\u00e9l\u00e9phone, distrait et ostensiblement d\u00e9sint\u00e9ress\u00e9. Camille sentit une goutte de trop dans ce vase d\u00e9j\u00e0 plein. Quand il se mit \u00e0 critiquer le choix des d\u00e9corations devant les invit\u00e9s, elle ne se contint plus.<\/p>\n<p>&#8220;Marc, tu pourrais au moins essayer de participer avec nous, c\u2019est l\u2019anniversaire de TON fils, apr\u00e8s tout, pas seulement le mien!&#8221; dit-elle, la voix tremblante mais d\u00e9cid\u00e9e.<\/p>\n<p>Marc la regarda, surpris par cette voix qu&#8217;il n&#8217;avait pas entendue depuis longtemps, une voix ferme et r\u00e9solue. &#8220;Et si tu te mettais un peu \u00e0 ma place, Camille ? Je travaille dur pour nous soutenir, c&#8217;est normal que je sois fatigu\u00e9.&#8221;<\/p>\n<p>&#8220;C&#8217;est vrai, tu travailles dur, mais moi aussi! Ce n&#8217;est pas une comp\u00e9tition de qui est le plus ext\u00e9nu\u00e9, Marc. C&#8217;est une question de respect et de partage des charges. Je ne suis pas ta servante. Nous devons \u00eatre partenaires, sinon&#8230; ce n&#8217;est plus un mariage, juste une cohabitation.&#8221; Camille se surprit elle-m\u00eame par la clart\u00e9 de ses mots qui enfin sortaient.<\/p>\n<p>Un silence embarrass\u00e9 s&#8217;installa autour d&#8217;eux, rompu seulement par le rire des enfants dans la pi\u00e8ce voisine. Marc se leva, son regard s&#8217;adoucit un peu. &#8220;Je&#8230; je suis d\u00e9sol\u00e9. Peut-\u00eatre qu&#8217;on doit vraiment parler de tout \u00e7a, s\u00e9rieusement.&#8221;<\/p>\n<p>Cette nuit-l\u00e0, ils commenc\u00e8rent enfin \u00e0 discuter, \u00e0 mettre des mots sur leurs frustrations et leurs espoirs d\u00e9\u00e7us. Camille sentit un poids colossal se lever de ses \u00e9paules. Le lendemain, Marc offrit son aide en cuisinant le petit d\u00e9jeuner, un petit pas, mais un grand signe d&#8217;un possible changement.<\/p>\n<p>Camille avait trouv\u00e9 sa voix, et avec elle, l&#8217;espoir d&#8217;un renouveau dans leur relation.<\/p>\n","protected":false},"excerpt":{"rendered":"<p>Pendant des ann\u00e9es, Camille a tout fait pour plaire \u00e0 Marc. Elle se levait t\u00f4t, pr\u00e9parait le petit d\u00e9jeuner, s&#8217;occupait des enfants, et passait ses soir\u00e9es \u00e0 planning les t\u00e2ches du lendemain. Pourtant, elle ne recevait que rarement un mot de reconnaissance. Un soir, alors qu&#8217;elle servait le d\u00eener, Marc se plaignit encore une fois &#8230; <a title=\"La R\u00e9volte de Camille\" class=\"read-more\" href=\"https:\/\/medialur.com\/?p=88066\" aria-label=\"Read more about La R\u00e9volte de Camille\">Read more<\/a><\/p>\n","protected":false},"author":12,"featured_media":88067,"comment_status":"closed","ping_status":"closed","sticky":false,"template":"","format":"standard","meta":{"footnotes":""},"categories":[1],"tags":[],"class_list":["post-88066","post","type-post","status-publish","format-standard","has-post-thumbnail","hentry","category-uncategorized"],"views":1820,"_links":{"self":[{"href":"https:\/\/medialur.com\/index.php?rest_route=\/wp\/v2\/posts\/88066","targetHints":{"allow":["GET"]}}],"collection":[{"href":"https:\/\/medialur.com\/index.php?rest_route=\/wp\/v2\/posts"}],"about":[{"href":"https:\/\/medialur.com\/index.php?rest_route=\/wp\/v2\/types\/post"}],"author":[{"embeddable":true,"href":"https:\/\/medialur.com\/index.php?rest_route=\/wp\/v2\/users\/12"}],"replies":[{"embeddable":true,"href":"https:\/\/medialur.com\/index.php?rest_route=%2Fwp%2Fv2%2Fcomments&post=88066"}],"version-history":[{"count":0,"href":"https:\/\/medialur.com\/index.php?rest_route=\/wp\/v2\/posts\/88066\/revisions"}],"wp:featuredmedia":[{"embeddable":true,"href":"https:\/\/medialur.com\/index.php?rest_route=\/wp\/v2\/media\/88067"}],"wp:attachment":[{"href":"https:\/\/medialur.com\/index.php?rest_route=%2Fwp%2Fv2%2Fmedia&parent=88066"}],"wp:term":[{"taxonomy":"category","embeddable":true,"href":"https:\/\/medialur.com\/index.php?rest_route=%2Fwp%2Fv2%2Fcategories&post=88066"},{"taxonomy":"post_tag","embeddable":true,"href":"https:\/\/medialur.com\/index.php?rest_route=%2Fwp%2Fv2%2Ftags&post=88066"}],"curies":[{"name":"wp","href":"https:\/\/api.w.org\/{rel}","templated":true}]}}