{"id":88051,"date":"2025-06-20T14:13:32","date_gmt":"2025-06-20T10:13:32","guid":{"rendered":"https:\/\/medialur.com\/le-retour-apres-20-ans-16\/"},"modified":"2025-06-20T14:13:32","modified_gmt":"2025-06-20T10:13:32","slug":"le-retour-apres-20-ans-16","status":"publish","type":"post","link":"https:\/\/medialur.com\/?p=88051","title":{"rendered":"Le Retour Apr\u00e8s 20 Ans"},"content":{"rendered":"<p>Elle ne pensait jamais revoir un jour sa m\u00e8re, jusqu&#8217;\u00e0 cet apr\u00e8s-midi ordinaire o\u00f9 son t\u00e9l\u00e9phone a sonn\u00e9 avec un num\u00e9ro inconnu. Claire vivait avec le poids de dix-neuf ans de questions laiss\u00e9es sans r\u00e9ponses, de douleur et d&#8217;une absence qui avait creus\u00e9 un vide dans son c\u0153ur. C&#8217;\u00e9tait une journ\u00e9e comme les autres, jusqu&#8217;\u00e0 ce que cette voix, \u00e0 la fois famili\u00e8re et lointaine, r\u00e9sonne dans son oreille.<\/p>\n<p>&#8220;Claire&#8230; C&#8217;est maman.&#8221;<\/p>\n<p>Soudain, tout s&#8217;est arr\u00eat\u00e9. Les battements de son c\u0153ur, son souffle, le bruit de la ville autour d&#8217;elle&#8230; tout fig\u00e9 dans le temps par ce mot simple, pourtant si lourd de sens. Comment cette femme pouvait-elle pr\u00e9tendre \u00eatre sa m\u00e8re apr\u00e8s tout ce temps? Claire se souvenait encore des cris, des portes qui claquent, et enfin du silence. Le silence d&#8217;une maison vide plus bruyant que n&#8217;importe quelle dispute.<\/p>\n<p>Quelques jours plus tard, elles se sont retrouv\u00e9es dans un petit caf\u00e9, un endroit neutre, \u00e9loign\u00e9 du pass\u00e9. La tension \u00e9tait palpable. Claire regardait les rides du temps sur le visage de sa m\u00e8re, des traits us\u00e9s par les regrets peut-\u00eatre, ou simplement par la vie. Sa m\u00e8re prit la parole la premi\u00e8re.<\/p>\n<p>&#8220;Je sais que j&#8217;ai beaucoup \u00e0 expliquer,&#8221; sa voix tremblait l\u00e9g\u00e8rement, &#8220;et je ne cherche pas \u00e0 excuser mon d\u00e9part. Je veux seulement&#8230; essayer de me rattraper, si tu le veux bien.&#8221;<\/p>\n<p>Claire h\u00e9sitait. Une part d&#8217;elle voulait se lever, partir, ne pas laisser cette femme envahir de nouveau sa vie \u00e0 peine reconstruite. Mais une autre part s&#8217;accrochait \u00e0 l&#8217;espoir, l&#8217;espoir d&#8217;une explication qui ferait enfin sens.<\/p>\n<p>Leur conversation fut un m\u00e9lange d&#8217;accusations, de larmes et de moments de silence inconfortable. Sa m\u00e8re lui parla d&#8217;une \u00e9poque difficile, de d\u00e9mons personnels qu&#8217;elle ne pouvait surmonter qu&#8217;en fuyant. Pour Claire, \u00e9couter ces mots fut comme naviguer entre col\u00e8re et compassion, cherchant \u00e0 comprendre sans savoir si elle le pouvait vraiment.<\/p>\n<p>&#8220;Tu m&#8217;as laiss\u00e9e seule,&#8221; dit Claire, la voix bris\u00e9e par des ann\u00e9es d&#8217;\u00e9motions refoul\u00e9es.<\/p>\n<p>&#8220;Je sais. Et je m&#8217;en veux chaque jour,&#8221; r\u00e9pondit sa m\u00e8re les yeux embu\u00e9s. &#8220;Mais je suis ici maintenant, et je veux \u00eatre l\u00e0 pour toi.&#8221;<\/p>\n<p>C&#8217;\u00e9tait un moment de v\u00e9rit\u00e9. Claire savait que pardonner n&#8217;\u00e9tait pas oublier, et pourtant, elle sentait ce besoin de tourner la page. Peut-\u00eatre pas aujourd&#8217;hui, ni demain, mais un jour. Elle soupira profond\u00e9ment.<\/p>\n<p>&#8220;Je ne sais pas si je peux te pardonner compl\u00e8tement&#8230; Pas encore. Mais je veux essayer de comprendre. Peut-\u00eatre que c&#8217;est un d\u00e9but.&#8221;<\/p>\n<p>Elles quitt\u00e8rent le caf\u00e9 apr\u00e8s un salut h\u00e9sitant, une promesse implicite d&#8217;un avenir incertain mais possible. Sur le chemin du retour, Claire ressentit un certain apaisement, comme si un poids s&#8217;\u00e9tait all\u00e9g\u00e9. Elle ne savait pas si elle pourrait offrir un jour un pardon total, mais elle \u00e9tait pr\u00eate \u00e0 explorer ce chemin.<\/p>\n<p>C&#8217;\u00e9tait compliqu\u00e9, imparfait, mais c&#8217;\u00e9tait une chance, une seconde chance.<\/p>\n","protected":false},"excerpt":{"rendered":"<p>Elle ne pensait jamais revoir un jour sa m\u00e8re, jusqu&#8217;\u00e0 cet apr\u00e8s-midi ordinaire o\u00f9 son t\u00e9l\u00e9phone a sonn\u00e9 avec un num\u00e9ro inconnu. Claire vivait avec le poids de dix-neuf ans de questions laiss\u00e9es sans r\u00e9ponses, de douleur et d&#8217;une absence qui avait creus\u00e9 un vide dans son c\u0153ur. C&#8217;\u00e9tait une journ\u00e9e comme les autres, jusqu&#8217;\u00e0 &#8230; <a title=\"Le Retour Apr\u00e8s 20 Ans\" class=\"read-more\" href=\"https:\/\/medialur.com\/?p=88051\" aria-label=\"Read more about Le Retour Apr\u00e8s 20 Ans\">Read more<\/a><\/p>\n","protected":false},"author":10,"featured_media":88052,"comment_status":"","ping_status":"","sticky":false,"template":"","format":"standard","meta":{"footnotes":""},"categories":[1],"tags":[],"class_list":["post-88051","post","type-post","status-publish","format-standard","has-post-thumbnail","hentry","category-uncategorized"],"views":110,"_links":{"self":[{"href":"https:\/\/medialur.com\/index.php?rest_route=\/wp\/v2\/posts\/88051","targetHints":{"allow":["GET"]}}],"collection":[{"href":"https:\/\/medialur.com\/index.php?rest_route=\/wp\/v2\/posts"}],"about":[{"href":"https:\/\/medialur.com\/index.php?rest_route=\/wp\/v2\/types\/post"}],"author":[{"embeddable":true,"href":"https:\/\/medialur.com\/index.php?rest_route=\/wp\/v2\/users\/10"}],"replies":[{"embeddable":true,"href":"https:\/\/medialur.com\/index.php?rest_route=%2Fwp%2Fv2%2Fcomments&post=88051"}],"version-history":[{"count":0,"href":"https:\/\/medialur.com\/index.php?rest_route=\/wp\/v2\/posts\/88051\/revisions"}],"wp:featuredmedia":[{"embeddable":true,"href":"https:\/\/medialur.com\/index.php?rest_route=\/wp\/v2\/media\/88052"}],"wp:attachment":[{"href":"https:\/\/medialur.com\/index.php?rest_route=%2Fwp%2Fv2%2Fmedia&parent=88051"}],"wp:term":[{"taxonomy":"category","embeddable":true,"href":"https:\/\/medialur.com\/index.php?rest_route=%2Fwp%2Fv2%2Fcategories&post=88051"},{"taxonomy":"post_tag","embeddable":true,"href":"https:\/\/medialur.com\/index.php?rest_route=%2Fwp%2Fv2%2Ftags&post=88051"}],"curies":[{"name":"wp","href":"https:\/\/api.w.org\/{rel}","templated":true}]}}