{"id":88040,"date":"2025-06-20T14:06:47","date_gmt":"2025-06-20T10:06:47","guid":{"rendered":"https:\/\/medialur.com\/lultimatum-des-liens-familiaux\/"},"modified":"2025-06-20T14:06:47","modified_gmt":"2025-06-20T10:06:47","slug":"lultimatum-des-liens-familiaux","status":"publish","type":"post","link":"https:\/\/medialur.com\/?p=88040","title":{"rendered":"L&#8217;Ultimatum des Liens Familiaux"},"content":{"rendered":"<p>Tout a commenc\u00e9 avec une d\u00e9cision innocente mais r\u00e9v\u00e9latrice : annuler nos vacances d&#8217;\u00e9t\u00e9 parce que belle-maman souhaitait que nous passions tout l&#8217;\u00e9t\u00e9 chez elle. Jamais un simple appel t\u00e9l\u00e9phonique ne nous avait mis dans une situation si inconfortable. Chacune de ses demandes insistantes a commenc\u00e9 \u00e0 ressembler \u00e0 une cha\u00eene enserrant notre vie. <\/p>\n<p>Cela faisait des ann\u00e9es que Claire, ma femme, et moi, Hugo, naviguions tant bien que mal entre nos propres d\u00e9sirs et les attentes de Sophie, sa m\u00e8re. Elle \u00e9tait dans toutes les discussions, m\u00eame celles qui \u00e9taient cens\u00e9es rester entre Claire et moi. Son dernier coup d&#8217;\u00e9clat remontait \u00e0 la semaine derni\u00e8re, lorsqu&#8217;elle exigea que nous inscrivions notre fils, Lucas, dans l&#8217;\u00e9cole qu&#8217;elle avait choisie. Cette demande, accompagn\u00e9e d&#8217;une remarque d\u00e9sobligeante sur notre capacit\u00e9 \u00e0 prendre de bonnes d\u00e9cisions, fut la goutte de trop.<\/p>\n<p>Ce soir-l\u00e0, autour de la table, Claire triturait sa serviette, un geste nerveux qui trahissait sa frustration. Les mots &#8216;Il faudra lui parler&#8217; flottaient au-dessus de la conversation, mais jamais ils ne franchissaient la barri\u00e8re de nos l\u00e8vres. <\/p>\n<p>La veille du week-end que nous devions passer chez Sophie, la situation a atteint son paroxysme. Elle arriva chez nous \u00e0 l&#8217;improviste, un sourire bienveillant plaqu\u00e9 sur le visage, mais les mots qui suivaient \u00e9taient tout sauf r\u00e9confortants. &#8220;Puisque vous \u00eates incapables de choisir ce qui est bon pour Lucas, j&#8217;ai pris la libert\u00e9 de le pr\u00e9-inscrire.&#8221; Sa voix, douce mais ac\u00e9r\u00e9e, r\u00e9sonnait dans notre salon. <\/p>\n<p>&#8220;Maman, tu ne peux pas faire \u00e7a sans nous consulter,&#8221; r\u00e9pondit Claire, ses mots tremblant de col\u00e8re retenue.<\/p>\n<p>&#8220;Mais bien s\u00fbr que je le peux, et je l&#8217;ai fait,&#8221; r\u00e9pondit-elle d&#8217;un ton qui ne laissait place \u00e0 aucune contestation. C&#8217;est \u00e0 cet instant que je vis la col\u00e8re dans les yeux de Claire se transformer en une r\u00e9solution que je ne lui connaissais pas encore.<\/p>\n<p>&#8220;Non, c&#8217;est assez!&#8221; Sa voix s&#8217;\u00e9leva, claire et forte. &#8220;Nous t&#8217;aimons, mais notre famille a besoin de son espace. \u00c0 partir de maintenant, nos d\u00e9cisions nous appartiennent, et nous ne voulons plus de tes interf\u00e9rences.&#8221; <\/p>\n<p>Un silence s&#8217;abattit sur nous. Le visage de Sophie s&#8217;assombrit d&#8217;incr\u00e9dulit\u00e9. &#8220;Comment osez-vous? Apr\u00e8s tout ce que j&#8217;ai fait pour vous,&#8221; r\u00e9pliqua-t-elle, mais l&#8217;\u00e9cho de ses mots disparut dans la d\u00e9termination de Claire.<\/p>\n<p>Nous n&#8217;avons pas coup\u00e9 les ponts ce soir-l\u00e0, mais quelque chose \u00e9tait d\u00e9finitivement bris\u00e9 \u2013 la cha\u00eene invisible de pouvoir qu&#8217;elle exer\u00e7ait sur nous. C&#8217;\u00e9tait le moment o\u00f9 nous avons r\u00e9ellement commenc\u00e9 \u00e0 \u00eatre une famille, \u00e0 prendre nos propres d\u00e9cisions sans craindre le jugement.<\/p>\n<p>Ce fut un tournant, une lib\u00e9ration. Nous avons appris \u00e0 poser nos limites, \u00e0 nous respecter. Sophie, bless\u00e9e mais r\u00e9aliste, finit par comprendre que si elle voulait rester proche de sa fille et de sa famille, elle devait respecter notre espace.<\/p>\n<p>Aujourd&#8217;hui, nous sommes plus unis que jamais, ayant trouv\u00e9 notre ind\u00e9pendance dans les mots courageux de Claire.<\/p>\n","protected":false},"excerpt":{"rendered":"<p>Tout a commenc\u00e9 avec une d\u00e9cision innocente mais r\u00e9v\u00e9latrice : annuler nos vacances d&#8217;\u00e9t\u00e9 parce que belle-maman souhaitait que nous passions tout l&#8217;\u00e9t\u00e9 chez elle. Jamais un simple appel t\u00e9l\u00e9phonique ne nous avait mis dans une situation si inconfortable. Chacune de ses demandes insistantes a commenc\u00e9 \u00e0 ressembler \u00e0 une cha\u00eene enserrant notre vie. Cela &#8230; <a title=\"L&#8217;Ultimatum des Liens Familiaux\" class=\"read-more\" href=\"https:\/\/medialur.com\/?p=88040\" aria-label=\"Read more about L&#8217;Ultimatum des Liens Familiaux\">Read more<\/a><\/p>\n","protected":false},"author":6,"featured_media":88041,"comment_status":"","ping_status":"","sticky":false,"template":"","format":"standard","meta":{"footnotes":""},"categories":[1],"tags":[],"class_list":["post-88040","post","type-post","status-publish","format-standard","has-post-thumbnail","hentry","category-uncategorized"],"views":138,"_links":{"self":[{"href":"https:\/\/medialur.com\/index.php?rest_route=\/wp\/v2\/posts\/88040","targetHints":{"allow":["GET"]}}],"collection":[{"href":"https:\/\/medialur.com\/index.php?rest_route=\/wp\/v2\/posts"}],"about":[{"href":"https:\/\/medialur.com\/index.php?rest_route=\/wp\/v2\/types\/post"}],"author":[{"embeddable":true,"href":"https:\/\/medialur.com\/index.php?rest_route=\/wp\/v2\/users\/6"}],"replies":[{"embeddable":true,"href":"https:\/\/medialur.com\/index.php?rest_route=%2Fwp%2Fv2%2Fcomments&post=88040"}],"version-history":[{"count":0,"href":"https:\/\/medialur.com\/index.php?rest_route=\/wp\/v2\/posts\/88040\/revisions"}],"wp:featuredmedia":[{"embeddable":true,"href":"https:\/\/medialur.com\/index.php?rest_route=\/wp\/v2\/media\/88041"}],"wp:attachment":[{"href":"https:\/\/medialur.com\/index.php?rest_route=%2Fwp%2Fv2%2Fmedia&parent=88040"}],"wp:term":[{"taxonomy":"category","embeddable":true,"href":"https:\/\/medialur.com\/index.php?rest_route=%2Fwp%2Fv2%2Fcategories&post=88040"},{"taxonomy":"post_tag","embeddable":true,"href":"https:\/\/medialur.com\/index.php?rest_route=%2Fwp%2Fv2%2Ftags&post=88040"}],"curies":[{"name":"wp","href":"https:\/\/api.w.org\/{rel}","templated":true}]}}