{"id":88020,"date":"2025-06-20T13:56:55","date_gmt":"2025-06-20T09:56:55","guid":{"rendered":"https:\/\/medialur.com\/le-retour-de-linattendu-14\/"},"modified":"2025-06-20T13:56:55","modified_gmt":"2025-06-20T09:56:55","slug":"le-retour-de-linattendu-14","status":"publish","type":"post","link":"https:\/\/medialur.com\/?p=88020","title":{"rendered":"Le Retour de l&#8217;Inattendu"},"content":{"rendered":"<p>Elle n&#8217;avait jamais pens\u00e9 revoir son fr\u00e8re, jusqu&#8217;\u00e0 ce jour ordinaire o\u00f9 son t\u00e9l\u00e9phone sonna. C&#8217;\u00e9tait une apr\u00e8s-midi comme tant d&#8217;autres, mais la voix au bout du fil lui fit l&#8217;effet d&#8217;un s\u00e9isme. &#8220;C&#8217;est moi&#8230; Philippe.&#8221; Le silence entre eux dura une \u00e9ternit\u00e9. L\u00e9a resta fig\u00e9e, une multitude de sensations l&#8217;envahissant, entre col\u00e8re et espoir. Philippe, son fr\u00e8re a\u00een\u00e9, avait quitt\u00e9 la maison il y a vingt ans, apr\u00e8s une dispute avec leur p\u00e8re qui avait laiss\u00e9 la famille d\u00e9chir\u00e9e.<\/p>\n<p>Alors qu&#8217;elle reposait le t\u00e9l\u00e9phone, L\u00e9a se rem\u00e9mora ces ann\u00e9es de silence. Elle avait grandi avec un sentiment de trahison, le vide laiss\u00e9 par l&#8217;absence de Philippe pesant lourdement sur elle. Mais maintenant, il \u00e9tait de retour, et elle devait d\u00e9cider comment l&#8217;accueillir.<\/p>\n<p>Leur rencontre eut lieu dans un caf\u00e9 du quartier, un lieu neutre o\u00f9 l&#8217;odeur famili\u00e8re du caf\u00e9 les enveloppait. Philippe \u00e9tait d\u00e9j\u00e0 l\u00e0 quand elle arriva, son visage marqu\u00e9 par les ann\u00e9es, mais toujours reconnaissable. &#8220;L\u00e9a,&#8221; dit-il doucement en se levant, h\u00e9sitant.<\/p>\n<p>&#8220;Pourquoi maintenant, Philippe ?&#8221; demanda-t-elle, sa voix tremblante d&#8217;\u00e9motion.<\/p>\n<p>Il baissa les yeux, cherchant ses mots. &#8220;Je sais que j&#8217;ai fait du mal&#8230; Je voulais r\u00e9parer les choses, avant qu&#8217;il ne soit trop tard.&#8221;<\/p>\n<p>L\u00e9a sentit une vague de col\u00e8re monter en elle, les souvenirs de leur enfance passant devant ses yeux. Elle se souvint de ces nuits pass\u00e9es \u00e0 pleurer, de l&#8217;incompr\u00e9hension face \u00e0 son d\u00e9part soudain. &#8220;Tu nous as laiss\u00e9s&#8221;, dit-elle, sa voix bris\u00e9e par l&#8217;\u00e9motion. &#8220;Papa ne s&#8217;en est jamais remis, tu sais&#8230;&#8221;<\/p>\n<p>Philippe hocha la t\u00eate, visiblement \u00e9mu. &#8220;Je sais&#8230; j&#8217;ai \u00e9t\u00e9 \u00e9go\u00efste. Mais je veux essayer de nous reconstruire, si tu le veux bien.&#8221;<\/p>\n<p>La conversation continua, les mots h\u00e9sitants mais sinc\u00e8res. Ils \u00e9voqu\u00e8rent leur enfance, le jour de la dispute fatidique, les regrets de Philippe et ses ann\u00e9es de silence. L\u00e9a \u00e9couta, ses propres blessures mises \u00e0 nu, mais elle sentit un d\u00e9but de compr\u00e9hension \u00e9merger.<\/p>\n<p>&#8220;C&#8217;est difficile, Philippe,&#8221; dit-elle enfin. &#8220;Je ne sais pas si je peux oublier&#8230; mais peut-\u00eatre que je peux essayer de pardonner.&#8221;<\/p>\n<p>Leurs regards se crois\u00e8rent, un fragile pont entre leurs deux c\u0153urs s\u00e9par\u00e9s depuis si longtemps. &#8220;Je ne demande rien d&#8217;autre,&#8221; r\u00e9pondit Philippe avec un faible sourire, esp\u00e9rant que ce serait assez.<\/p>\n<p>La rencontre se termina sur une note d&#8217;espoir prudent, une promesse informelle de ne pas laisser le silence s&#8217;installer \u00e0 nouveau. Lorsqu&#8217;ils se lev\u00e8rent pour partir, Philippe h\u00e9sita puis ouvrit les bras. L\u00e9a r\u00e9pondit \u00e0 son geste, leur \u00e9treinte maladroite mais r\u00e9confortante.<\/p>\n<p>Ils quitt\u00e8rent le caf\u00e9 s\u00e9par\u00e9ment, mais avec la promesse de se revoir. La route vers la r\u00e9conciliation serait longue et sem\u00e9e d&#8217;emb\u00fbches, mais les premiers pas avaient \u00e9t\u00e9 faits.<\/p>\n","protected":false},"excerpt":{"rendered":"<p>Elle n&#8217;avait jamais pens\u00e9 revoir son fr\u00e8re, jusqu&#8217;\u00e0 ce jour ordinaire o\u00f9 son t\u00e9l\u00e9phone sonna. C&#8217;\u00e9tait une apr\u00e8s-midi comme tant d&#8217;autres, mais la voix au bout du fil lui fit l&#8217;effet d&#8217;un s\u00e9isme. &#8220;C&#8217;est moi&#8230; Philippe.&#8221; Le silence entre eux dura une \u00e9ternit\u00e9. L\u00e9a resta fig\u00e9e, une multitude de sensations l&#8217;envahissant, entre col\u00e8re et espoir. &#8230; <a title=\"Le Retour de l&#8217;Inattendu\" class=\"read-more\" href=\"https:\/\/medialur.com\/?p=88020\" aria-label=\"Read more about Le Retour de l&#8217;Inattendu\">Read more<\/a><\/p>\n","protected":false},"author":9,"featured_media":88021,"comment_status":"","ping_status":"","sticky":false,"template":"","format":"standard","meta":{"footnotes":""},"categories":[1],"tags":[],"class_list":["post-88020","post","type-post","status-publish","format-standard","has-post-thumbnail","hentry","category-uncategorized"],"views":114,"_links":{"self":[{"href":"https:\/\/medialur.com\/index.php?rest_route=\/wp\/v2\/posts\/88020","targetHints":{"allow":["GET"]}}],"collection":[{"href":"https:\/\/medialur.com\/index.php?rest_route=\/wp\/v2\/posts"}],"about":[{"href":"https:\/\/medialur.com\/index.php?rest_route=\/wp\/v2\/types\/post"}],"author":[{"embeddable":true,"href":"https:\/\/medialur.com\/index.php?rest_route=\/wp\/v2\/users\/9"}],"replies":[{"embeddable":true,"href":"https:\/\/medialur.com\/index.php?rest_route=%2Fwp%2Fv2%2Fcomments&post=88020"}],"version-history":[{"count":0,"href":"https:\/\/medialur.com\/index.php?rest_route=\/wp\/v2\/posts\/88020\/revisions"}],"wp:featuredmedia":[{"embeddable":true,"href":"https:\/\/medialur.com\/index.php?rest_route=\/wp\/v2\/media\/88021"}],"wp:attachment":[{"href":"https:\/\/medialur.com\/index.php?rest_route=%2Fwp%2Fv2%2Fmedia&parent=88020"}],"wp:term":[{"taxonomy":"category","embeddable":true,"href":"https:\/\/medialur.com\/index.php?rest_route=%2Fwp%2Fv2%2Fcategories&post=88020"},{"taxonomy":"post_tag","embeddable":true,"href":"https:\/\/medialur.com\/index.php?rest_route=%2Fwp%2Fv2%2Ftags&post=88020"}],"curies":[{"name":"wp","href":"https:\/\/api.w.org\/{rel}","templated":true}]}}