{"id":88014,"date":"2025-06-20T13:54:09","date_gmt":"2025-06-20T09:54:09","guid":{"rendered":"https:\/\/medialur.com\/entre-gloire-et-chagrin\/"},"modified":"2025-06-20T13:54:09","modified_gmt":"2025-06-20T09:54:09","slug":"entre-gloire-et-chagrin","status":"publish","type":"post","link":"https:\/\/medialur.com\/?p=88014","title":{"rendered":"Entre Gloire et Chagrin"},"content":{"rendered":"<p>Depuis qu&#8217;elle a d\u00e9croch\u00e9 le poste de directrice, l&#8217;agenda de Claire ne d\u00e9semplit pas. Chaque rendez-vous la propulse un peu plus haut sur l&#8217;\u00e9chelle du succ\u00e8s, mais cr\u00e9e un foss\u00e9 b\u00e9ant avec sa famille qui, un jour, pourrait \u00eatre infranchissable. <\/p>\n<p>Claire avait toujours r\u00eav\u00e9 de r\u00e9ussir. Enfant, elle imaginait des gratte-ciels \u00e0 son nom et des salles remplies de personnes pendues \u00e0 ses l\u00e8vres. Dipl\u00f4m\u00e9e avec les honneurs d&#8217;une \u00e9cole prestigieuse, son ambition la menait sans rel\u00e2che vers son but ultime : \u00eatre reconnue comme une figure incontournable dans son domaine.<\/p>\n<p>Son \u00e9poux, Marc, admirait cet \u00e9lan, mais il \u00e9tait de plus en plus inquiet de l&#8217;absence de Claire \u00e0 la maison. Les d\u00eeners solitaires avec leurs deux enfants devenaient la norme. Claire rentrait tard, souvent \u00e9puis\u00e9e, son esprit encore accapar\u00e9 par les projets du lendemain.<\/p>\n<p>\u00ab Il serait peut-\u00eatre temps de ralentir un peu, non ? \u00bb osa un soir Marc, alors que Claire se servait un rapide d\u00eener devant son ordinateur portable. <\/p>\n<p>\u00ab Je ne peux pas, Marc. Pas maintenant, c&#8217;est trop important, \u00bb r\u00e9pondit-elle sans lever les yeux de l&#8217;\u00e9cran.<\/p>\n<p>Les semaines pass\u00e8rent, et le d\u00e9calage entre Claire et sa famille se creusa davantage. Un soir, alors qu&#8217;elle devait intervenir lors d&#8217;une conf\u00e9rence cruciale, un appel urgent de l&#8217;\u00e9cole arriva : leur fils cadet, Julien, avait eu un accident et \u00e9tait \u00e0 l&#8217;h\u00f4pital.<\/p>\n<p>Le dilemme fut d\u00e9chirant. Claire savait qu&#8217;elle devait \u00eatre sur sc\u00e8ne dans moins d&#8217;une heure, mais l&#8217;id\u00e9e de ne pas \u00eatre aux c\u00f4t\u00e9s de son fils la hantait. En larmes, elle appela Marc.<\/p>\n<p>\u00ab Marc, je&#8230; je ne sais pas quoi faire, \u00bb avoua-t-elle, la voix bris\u00e9e.<\/p>\n<p>\u00ab Julien a besoin de toi, nous avons tous besoin de toi, Claire. Mais je ne peux pas prendre cette d\u00e9cision \u00e0 ta place, \u00bb r\u00e9pondit Marc avec douceur.<\/p>\n<p>Le poids de cette r\u00e9alit\u00e9 s&#8217;abattit sur elle. Claire r\u00e9alisa que si elle continuait ainsi, elle risquait de tout perdre, et pas uniquement ses moments pr\u00e9cieux avec ceux qu&#8217;elle aimait le plus.<\/p>\n<p>Elle inspira profond\u00e9ment, prit son t\u00e9l\u00e9phone et annula sa participation \u00e0 la conf\u00e9rence. Elle se pr\u00e9cipita \u00e0 l&#8217;h\u00f4pital, o\u00f9 elle trouva son fils endormi, son bras couvert de bandages, et Marc \u00e0 son chevet. Il lui sourit faiblement en la voyant entrer.<\/p>\n<p>Peu apr\u00e8s cet \u00e9pisode, Claire d\u00e9cida de repenser ses priorit\u00e9s. Elle n\u00e9gocia un r\u00f4le moins accaparant, qui lui permettait de profiter de sa famille sans renoncer \u00e0 ses ambitions. Elle apprit, douloureusement mais avec certitude, que le v\u00e9ritable succ\u00e8s ne pouvait \u00eatre mesur\u00e9 que par la richesse des liens que l&#8217;on pr\u00e9serve.<\/p>\n<p>En fin de compte, elle avait choisi son c\u0153ur plut\u00f4t que la gloire, et elle n&#8217;avait jamais \u00e9t\u00e9 aussi satisfaite.<\/p>\n","protected":false},"excerpt":{"rendered":"<p>Depuis qu&#8217;elle a d\u00e9croch\u00e9 le poste de directrice, l&#8217;agenda de Claire ne d\u00e9semplit pas. Chaque rendez-vous la propulse un peu plus haut sur l&#8217;\u00e9chelle du succ\u00e8s, mais cr\u00e9e un foss\u00e9 b\u00e9ant avec sa famille qui, un jour, pourrait \u00eatre infranchissable. Claire avait toujours r\u00eav\u00e9 de r\u00e9ussir. Enfant, elle imaginait des gratte-ciels \u00e0 son nom et &#8230; <a title=\"Entre Gloire et Chagrin\" class=\"read-more\" href=\"https:\/\/medialur.com\/?p=88014\" aria-label=\"Read more about Entre Gloire et Chagrin\">Read more<\/a><\/p>\n","protected":false},"author":12,"featured_media":88015,"comment_status":"","ping_status":"","sticky":false,"template":"","format":"standard","meta":{"footnotes":""},"categories":[1],"tags":[],"class_list":["post-88014","post","type-post","status-publish","format-standard","has-post-thumbnail","hentry","category-uncategorized"],"views":240,"_links":{"self":[{"href":"https:\/\/medialur.com\/index.php?rest_route=\/wp\/v2\/posts\/88014","targetHints":{"allow":["GET"]}}],"collection":[{"href":"https:\/\/medialur.com\/index.php?rest_route=\/wp\/v2\/posts"}],"about":[{"href":"https:\/\/medialur.com\/index.php?rest_route=\/wp\/v2\/types\/post"}],"author":[{"embeddable":true,"href":"https:\/\/medialur.com\/index.php?rest_route=\/wp\/v2\/users\/12"}],"replies":[{"embeddable":true,"href":"https:\/\/medialur.com\/index.php?rest_route=%2Fwp%2Fv2%2Fcomments&post=88014"}],"version-history":[{"count":0,"href":"https:\/\/medialur.com\/index.php?rest_route=\/wp\/v2\/posts\/88014\/revisions"}],"wp:featuredmedia":[{"embeddable":true,"href":"https:\/\/medialur.com\/index.php?rest_route=\/wp\/v2\/media\/88015"}],"wp:attachment":[{"href":"https:\/\/medialur.com\/index.php?rest_route=%2Fwp%2Fv2%2Fmedia&parent=88014"}],"wp:term":[{"taxonomy":"category","embeddable":true,"href":"https:\/\/medialur.com\/index.php?rest_route=%2Fwp%2Fv2%2Fcategories&post=88014"},{"taxonomy":"post_tag","embeddable":true,"href":"https:\/\/medialur.com\/index.php?rest_route=%2Fwp%2Fv2%2Ftags&post=88014"}],"curies":[{"name":"wp","href":"https:\/\/api.w.org\/{rel}","templated":true}]}}