{"id":87985,"date":"2025-06-20T13:35:08","date_gmt":"2025-06-20T09:35:08","guid":{"rendered":"https:\/\/medialur.com\/leveil-de-claire-de-lombre-a-la-lumiere\/"},"modified":"2025-06-20T13:35:08","modified_gmt":"2025-06-20T09:35:08","slug":"leveil-de-claire-de-lombre-a-la-lumiere","status":"publish","type":"post","link":"https:\/\/medialur.com\/?p=87985","title":{"rendered":"L&#8217;\u00c9veil de Claire: De l&#8217;Ombre \u00e0 la Lumi\u00e8re"},"content":{"rendered":"<p>Pendant des ann\u00e9es, Claire a tout fait pour satisfaire les attentes d\u00e9raisonnables de son mari, Paul. Elle s&#8217;est oubli\u00e9e en chemin, jusqu&#8217;au jour o\u00f9 une prise de conscience l&#8217;a pouss\u00e9e \u00e0 se red\u00e9finir et \u00e0 revendiquer le respect dont elle avait toujours \u00e9t\u00e9 priv\u00e9e. <\/p>\n<p>Claire rentrait du travail, \u00e9puis\u00e9e. Elle savait d\u00e9j\u00e0 que l&#8217;ambiance serait tendue d\u00e8s qu&#8217;elle passerait la porte. Paul avait pour habitude de pointer du doigt tout ce qu&#8217;il consid\u00e9rait \u00eatre ses \u00e9checs, et elle n&#8217;\u00e9tait jamais \u00e0 la hauteur de ses attentes intransigeantes. Chaque soir se ressemblait, un th\u00e9\u00e2tre de reproches o\u00f9 il lui faisait comprendre que malgr\u00e9 tous ses efforts, rien n&#8217;\u00e9tait aussi parfait que ce qu&#8217;il d\u00e9sirait. <\/p>\n<p>\u00ab Tu aurais pu faire mieux avec le d\u00eener, Claire \u00bb, lan\u00e7ait-il souvent, sans m\u00eame un regard reconnaissant. <\/p>\n<p>\u00c0 force d&#8217;encaisser, Claire avait perdu confiance en elle. Ses propres d\u00e9sirs s&#8217;\u00e9teignaient lentement, \u00e9touff\u00e9s par les exigences de Paul. Mais ce soir-l\u00e0, quelque chose changea. L&#8217;\u00e9l\u00e9ment d\u00e9clencheur fut une remarque banale, mais suffisamment piquante pour la faire vaciller.<\/p>\n<p>\u00ab Est-ce trop demander d&#8217;avoir une maison en ordre et des enfants bien \u00e9lev\u00e9s quand je rentre ? \u00bb avait-il jet\u00e9, sans un soup\u00e7on de compassion.<\/p>\n<p>Claire sentit son sang se figer. Ce n&#8217;\u00e9tait pas la premi\u00e8re fois qu&#8217;il accusait, mais cette fois-ci, elle se demanda pourquoi elle se laissait traiter ainsi. Un \u00e9lan de dignit\u00e9 monta en elle. Elle se tenait l\u00e0, silencieuse, mais \u00e0 l&#8217;int\u00e9rieur, une temp\u00eate se pr\u00e9parait.<\/p>\n<p>\u00ab Paul \u00bb, commen\u00e7a-t-elle, la voix l\u00e9g\u00e8rement tremblante mais ferme. \u00ab Je fais de mon mieux chaque jour, et je suis fatigu\u00e9e de te voir ignorer tout ce que je fais pour notre famille. Je ne suis pas ta subalterne, je suis ta partenaire. \u00bb<\/p>\n<p>Paul la fixa, surpris par son ton inhabituel.<\/p>\n<p>\u00ab Je suis \u00e9puis\u00e9e de vivre selon tes crit\u00e8res impossibles. Tu n\u2019es jamais satisfait et je ne peux plus vivre sous cette pression constante. J&#8217;ai besoin de respect et de reconnaissance, pas de critiques sans fin. \u00bb<\/p>\n<p>Face \u00e0 sa d\u00e9termination nouvelle, Paul resta silencieux. C&#8217;\u00e9tait la premi\u00e8re fois qu&#8217;elle s&#8217;affirmait ainsi, qu&#8217;elle s&#8217;autorisait \u00e0 exprimer son ressentiment. Cette confrontation marqua un tournant, et Claire se sentit soudain lib\u00e9r\u00e9e d&#8217;un poids immense.<\/p>\n<p>Les jours qui suivirent furent une mise \u00e0 l&#8217;\u00e9preuve. Claire prit la d\u00e9cision de prendre du recul, de r\u00e9fl\u00e9chir \u00e0 ce qu&#8217;elle voulait vraiment. Paul, de son c\u00f4t\u00e9, commen\u00e7a \u00e0 comprendre l&#8217;urgence de changer sa fa\u00e7on de communiquer. Pour la premi\u00e8re fois, il montra des signes de remise en question. <\/p>\n<p>Claire savait qu&#8217;elle avait pris la meilleure d\u00e9cision pour elle-m\u00eame. Son courage avait non seulement ouvert la voie \u00e0 un possible nouvel \u00e9quilibre dans leur couple, mais lui avait surtout permis de retrouver sa voix.<\/p>\n<p>Aujourd&#8217;hui, leur relation s\u2019engageait sur un chemin difficile mais n\u00e9cessaire. Claire avait compris que le respect de soi-m\u00eame est la cl\u00e9 pour \u00eatre respect\u00e9e par les autres.<\/p>\n","protected":false},"excerpt":{"rendered":"<p>Pendant des ann\u00e9es, Claire a tout fait pour satisfaire les attentes d\u00e9raisonnables de son mari, Paul. Elle s&#8217;est oubli\u00e9e en chemin, jusqu&#8217;au jour o\u00f9 une prise de conscience l&#8217;a pouss\u00e9e \u00e0 se red\u00e9finir et \u00e0 revendiquer le respect dont elle avait toujours \u00e9t\u00e9 priv\u00e9e. Claire rentrait du travail, \u00e9puis\u00e9e. Elle savait d\u00e9j\u00e0 que l&#8217;ambiance serait &#8230; <a title=\"L&#8217;\u00c9veil de Claire: De l&#8217;Ombre \u00e0 la Lumi\u00e8re\" class=\"read-more\" href=\"https:\/\/medialur.com\/?p=87985\" aria-label=\"Read more about L&#8217;\u00c9veil de Claire: De l&#8217;Ombre \u00e0 la Lumi\u00e8re\">Read more<\/a><\/p>\n","protected":false},"author":10,"featured_media":87986,"comment_status":"","ping_status":"","sticky":false,"template":"","format":"standard","meta":{"footnotes":""},"categories":[1],"tags":[],"class_list":["post-87985","post","type-post","status-publish","format-standard","has-post-thumbnail","hentry","category-uncategorized"],"views":339,"_links":{"self":[{"href":"https:\/\/medialur.com\/index.php?rest_route=\/wp\/v2\/posts\/87985","targetHints":{"allow":["GET"]}}],"collection":[{"href":"https:\/\/medialur.com\/index.php?rest_route=\/wp\/v2\/posts"}],"about":[{"href":"https:\/\/medialur.com\/index.php?rest_route=\/wp\/v2\/types\/post"}],"author":[{"embeddable":true,"href":"https:\/\/medialur.com\/index.php?rest_route=\/wp\/v2\/users\/10"}],"replies":[{"embeddable":true,"href":"https:\/\/medialur.com\/index.php?rest_route=%2Fwp%2Fv2%2Fcomments&post=87985"}],"version-history":[{"count":0,"href":"https:\/\/medialur.com\/index.php?rest_route=\/wp\/v2\/posts\/87985\/revisions"}],"wp:featuredmedia":[{"embeddable":true,"href":"https:\/\/medialur.com\/index.php?rest_route=\/wp\/v2\/media\/87986"}],"wp:attachment":[{"href":"https:\/\/medialur.com\/index.php?rest_route=%2Fwp%2Fv2%2Fmedia&parent=87985"}],"wp:term":[{"taxonomy":"category","embeddable":true,"href":"https:\/\/medialur.com\/index.php?rest_route=%2Fwp%2Fv2%2Fcategories&post=87985"},{"taxonomy":"post_tag","embeddable":true,"href":"https:\/\/medialur.com\/index.php?rest_route=%2Fwp%2Fv2%2Ftags&post=87985"}],"curies":[{"name":"wp","href":"https:\/\/api.w.org\/{rel}","templated":true}]}}