{"id":87967,"date":"2025-06-20T13:24:39","date_gmt":"2025-06-20T09:24:39","guid":{"rendered":"https:\/\/medialur.com\/entre-gloire-et-solitude-8\/"},"modified":"2025-06-20T13:24:39","modified_gmt":"2025-06-20T09:24:39","slug":"entre-gloire-et-solitude-8","status":"publish","type":"post","link":"https:\/\/medialur.com\/?p=87967","title":{"rendered":"Entre Gloire et Solitude"},"content":{"rendered":"<p>Depuis qu\u2019il avait d\u00e9croch\u00e9 ce contrat, la r\u00e9ussite semblait \u00e0 port\u00e9e de main \u2013 mais chaque victoire creusait un foss\u00e9 un peu plus profond entre lui et ses proches. Jean \u00e9tait un jeune architecte talentueux, la trentaine dynamique, qui avait toujours r\u00eav\u00e9 de voir ses cr\u00e9ations changer le visage des villes. Lorsqu&#8217;un grand cabinet parisien l\u2019engagea pour diriger un projet prestigieux, il crut avoir touch\u00e9 du doigt son r\u00eave. Pourtant, derri\u00e8re l\u2019adr\u00e9naline de chaque r\u00e9union r\u00e9ussie et de chaque exposition m\u00e9diatique, un sentiment de vide s\u2019installait peu \u00e0 peu.<\/p>\n<p>Le rythme de travail \u00e9tait infernal : des journ\u00e9es \u00e0 rallonge, des nuits pass\u00e9es \u00e0 peaufiner des plans, des week-ends sacrifi\u00e9s sur l\u2019autel de la gloire. Et puis, il y avait Juliette, sa compagne depuis cinq ans, qui voyait son visage s\u2019\u00e9teindre un peu plus chaque soir. \u00ab Tu sais que tu me manques, hein ? \u00bb lui dit-elle doucement un dimanche matin, en d\u00e9posant une tasse de caf\u00e9 sur la table. Jean leva \u00e0 peine les yeux de son \u00e9cran. \u00ab Juste un peu plus de temps&#8230; \u00bb, murmura-t-il, son regard d\u00e9j\u00e0 perdu dans des projets futuristes.<\/p>\n<p>Ses amis avaient bien tent\u00e9 de lui faire entendre raison. \u00ab On ne te voit plus. C\u2019est comme si tu avais disparu, Jean \u00bb, lui fit remarquer Marc, son ami d\u2019enfance, lors d\u2019un rare d\u00eener. Mais les paroles glissaient sur lui, emport\u00e9es par la mar\u00e9e de ses ambitions. Il \u00e9tait sourd \u00e0 tout sauf aux \u00e9chos de sa carri\u00e8re.<\/p>\n<p>Le jour du vernissage de son projet, tout Paris se pressait dans la grande salle illumin\u00e9e. Des journalistes, des investisseurs, des connaissances \u2013 tous louaient son g\u00e9nie. Pourtant, une ombre planait. Juliette n&#8217;\u00e9tait pas venue, fatigu\u00e9e de passer au second plan, elle avait pr\u00e9f\u00e9r\u00e9 partir chez sa s\u0153ur. Jean sentit une pointe de douleur dans son c\u0153ur, mais la balaya d\u2019un revers de confiance d\u00e9mesur\u00e9e.<\/p>\n<p>Mais le v\u00e9ritable tournant se produisit quelques jours plus tard, lors de la signature d\u2019un contrat d\u00e9cisif. Alors qu\u2019il se tenait dans la salle de conf\u00e9rence, pr\u00eat \u00e0 apposer sa signature, son t\u00e9l\u00e9phone vibra avec insistance. C\u2019\u00e9tait un appel de l\u2019h\u00f4pital : Juliette avait eu un accident de voiture. D\u00e9chir\u00e9 entre l&#8217;urgence de signer et l\u2019anxi\u00e9t\u00e9 pour sa compagne, Jean sentit soudain le poids de ses choix sur ses \u00e9paules. Il regarda autour de lui, les visages impatients des hommes d\u2019affaires. Il ferma les yeux un instant, puis se leva brusquement, abandonnant le contrat sur la table.<\/p>\n<p>A l\u2019h\u00f4pital, il trouva Juliette endormie, entour\u00e9e de machines. Il effleura sa main, saisi par la culpabilit\u00e9 et la peur de l\u2019avoir perdue. \u00ab Pardonne-moi \u00bb, murmura-t-il avec \u00e9motion, r\u00e9alisant que sans elle, le succ\u00e8s ne signifiait rien.<\/p>\n<p>Le lendemain, Jean fit le choix de d\u00e9crocher du monde effr\u00e9n\u00e9 des gratte-ciels pour reconstruire ce qui comptait vraiment: sa vie avec Juliette. Il apprit \u00e0 jongler diff\u00e9remment, consacrant du temps \u00e0 l\u2019\u00e9quilibre entre sa passion et ceux qu\u2019il aimait.<\/p>\n<p>La le\u00e7on \u00e9tait am\u00e8re mais salutaire: la gloire peut \u00eatre \u00e9ph\u00e9m\u00e8re, mais les liens sinc\u00e8res sont insondables.<\/p>\n","protected":false},"excerpt":{"rendered":"<p>Depuis qu\u2019il avait d\u00e9croch\u00e9 ce contrat, la r\u00e9ussite semblait \u00e0 port\u00e9e de main \u2013 mais chaque victoire creusait un foss\u00e9 un peu plus profond entre lui et ses proches. Jean \u00e9tait un jeune architecte talentueux, la trentaine dynamique, qui avait toujours r\u00eav\u00e9 de voir ses cr\u00e9ations changer le visage des villes. Lorsqu&#8217;un grand cabinet parisien &#8230; <a title=\"Entre Gloire et Solitude\" class=\"read-more\" href=\"https:\/\/medialur.com\/?p=87967\" aria-label=\"Read more about Entre Gloire et Solitude\">Read more<\/a><\/p>\n","protected":false},"author":14,"featured_media":87968,"comment_status":"","ping_status":"","sticky":false,"template":"","format":"standard","meta":{"footnotes":""},"categories":[1],"tags":[],"class_list":["post-87967","post","type-post","status-publish","format-standard","has-post-thumbnail","hentry","category-uncategorized"],"views":145,"_links":{"self":[{"href":"https:\/\/medialur.com\/index.php?rest_route=\/wp\/v2\/posts\/87967","targetHints":{"allow":["GET"]}}],"collection":[{"href":"https:\/\/medialur.com\/index.php?rest_route=\/wp\/v2\/posts"}],"about":[{"href":"https:\/\/medialur.com\/index.php?rest_route=\/wp\/v2\/types\/post"}],"author":[{"embeddable":true,"href":"https:\/\/medialur.com\/index.php?rest_route=\/wp\/v2\/users\/14"}],"replies":[{"embeddable":true,"href":"https:\/\/medialur.com\/index.php?rest_route=%2Fwp%2Fv2%2Fcomments&post=87967"}],"version-history":[{"count":0,"href":"https:\/\/medialur.com\/index.php?rest_route=\/wp\/v2\/posts\/87967\/revisions"}],"wp:featuredmedia":[{"embeddable":true,"href":"https:\/\/medialur.com\/index.php?rest_route=\/wp\/v2\/media\/87968"}],"wp:attachment":[{"href":"https:\/\/medialur.com\/index.php?rest_route=%2Fwp%2Fv2%2Fmedia&parent=87967"}],"wp:term":[{"taxonomy":"category","embeddable":true,"href":"https:\/\/medialur.com\/index.php?rest_route=%2Fwp%2Fv2%2Fcategories&post=87967"},{"taxonomy":"post_tag","embeddable":true,"href":"https:\/\/medialur.com\/index.php?rest_route=%2Fwp%2Fv2%2Ftags&post=87967"}],"curies":[{"name":"wp","href":"https:\/\/api.w.org\/{rel}","templated":true}]}}