{"id":87946,"date":"2025-06-20T13:08:53","date_gmt":"2025-06-20T09:08:53","guid":{"rendered":"https:\/\/medialur.com\/les-chaines-invisibles-23\/"},"modified":"2025-06-20T13:08:53","modified_gmt":"2025-06-20T09:08:53","slug":"les-chaines-invisibles-23","status":"publish","type":"post","link":"https:\/\/medialur.com\/?p=87946","title":{"rendered":"Les Cha\u00eenes Invisibles"},"content":{"rendered":"<p>Depuis des ann\u00e9es, Sophie courbait l&#8217;\u00e9chine pour plaire \u00e0 Marc. Elle pr\u00e9parait ses repas pr\u00e9f\u00e9r\u00e9s, planifiait ses week-ends relaxants, tout en jonglant avec son travail exigeant et les devoirs de leur petite fille. Marc, cependant, semblait consid\u00e9rer tout cela comme un d\u00fb, rarement exprimant un mot d&#8217;appr\u00e9ciation. &#8220;Tu sais que j&#8217;aime le r\u00f4ti du dimanche&#8221;, disait-il souvent, sans un merci. Chaque jour, elle sentait la pression de ses attentes peser un peu plus fort sur ses \u00e9paules d\u00e9j\u00e0 fragiles. Son sourire se fanait, lentement mais s\u00fbrement.<\/p>\n<p>Leur maison, un joyau cach\u00e9 dans un quartier tranquille, \u00e9tait devenue une prison silencieuse remplie de tensions non exprim\u00e9es. Les week-ends, au lieu d&#8217;\u00eatre des p\u00e9riodes de repos, se transformaient en marathons de courses et de m\u00e9nage, o\u00f9 la satisfaction de Marc \u00e9tait toujours hors d&#8217;atteinte. \u00ab Pourquoi le jardin n&#8217;est-il pas encore tondu ? \u00bb demandait-il distraitement, les yeux riv\u00e9s sur son journal. <\/p>\n<p>Un mardi, tout a chang\u00e9. Sophie, ext\u00e9nu\u00e9e de sa journ\u00e9e au bureau, entra chez elle pour d\u00e9couvrir que Marc avait invit\u00e9 des amis sans m\u00eame l&#8217;en informer. \u00ab Tu pourrais pr\u00e9parer quelque chose pour ce soir ? Rien de trop compliqu\u00e9, hein \u00bb, dit-il sans lever les yeux de son t\u00e9l\u00e9phone. C&#8217;\u00e9tait la goutte d&#8217;eau qui fit d\u00e9border le vase.<\/p>\n<p>Alors qu&#8217;elle se tenait dans la cuisine, un fouet \u00e0 la main, quelque chose en elle se brisa. Elle r\u00e9alisa soudainement que le probl\u00e8me n\u2019\u00e9tait pas seulement dans les attentes de Marc, mais dans son propre silence. Elle essuya ses mains et se dirigea vers le salon, o\u00f9 Marc racontait une anecdote \u00e0 ses amis.<\/p>\n<p>\u00ab Marc \u00bb, dit-elle avec une fermet\u00e9 nouvelle, \u00ab nous devons parler. \u00bb Les conversations s&#8217;arr\u00eat\u00e8rent. \u00ab Je ne peux plus continuer comme \u00e7a. Tu ne vois pas tout le travail que je fais, et tu n\u2019appr\u00e9cies pas mes efforts. Je refuse de vivre dans une relation o\u00f9 je suis invisible. \u00bb<\/p>\n<p>Le silence dans la pi\u00e8ce \u00e9tait palpable. Marc, surpris, chercha ses mots. \u00ab Sophie, je\u2026 je ne savais pas que tu te sentais comme \u00e7a. \u00bb<\/p>\n<p>\u00ab Parce que tu n\u2019as jamais demand\u00e9 \u00bb, r\u00e9pondit-elle calmement. \u00ab Les choses doivent changer, et je me respecte assez maintenant pour l&#8217;exiger. \u00bb<\/p>\n<p>Cette confrontation fut un choc pour Marc, qui n\u2019avait jamais vraiment pris conscience de l\u2019ampleur de la situation. Les jours suivants, il fit de v\u00e9ritables efforts : il remercia Sophie plus souvent, partagea les t\u00e2ches m\u00e9nag\u00e8res et, surtout, commen\u00e7a \u00e0 \u00e9couter.<\/p>\n<p>Sophie, quant \u00e0 elle, se sentit rena\u00eetre. Elle avait retrouv\u00e9 sa voix, et avec elle, le respect pour elle-m\u00eame. Bien qu&#8217;il serait faux de dire que tout \u00e9tait parfait maintenant, il \u00e9tait clair qu&#8217;ils avaient franchi une \u00e9tape cruciale vers une relation plus \u00e9quilibr\u00e9e.<\/p>\n","protected":false},"excerpt":{"rendered":"<p>Depuis des ann\u00e9es, Sophie courbait l&#8217;\u00e9chine pour plaire \u00e0 Marc. Elle pr\u00e9parait ses repas pr\u00e9f\u00e9r\u00e9s, planifiait ses week-ends relaxants, tout en jonglant avec son travail exigeant et les devoirs de leur petite fille. Marc, cependant, semblait consid\u00e9rer tout cela comme un d\u00fb, rarement exprimant un mot d&#8217;appr\u00e9ciation. &#8220;Tu sais que j&#8217;aime le r\u00f4ti du dimanche&#8221;, &#8230; <a title=\"Les Cha\u00eenes Invisibles\" class=\"read-more\" href=\"https:\/\/medialur.com\/?p=87946\" aria-label=\"Read more about Les Cha\u00eenes Invisibles\">Read more<\/a><\/p>\n","protected":false},"author":6,"featured_media":87947,"comment_status":"","ping_status":"","sticky":false,"template":"","format":"standard","meta":{"footnotes":""},"categories":[1],"tags":[],"class_list":["post-87946","post","type-post","status-publish","format-standard","has-post-thumbnail","hentry","category-uncategorized"],"views":409,"_links":{"self":[{"href":"https:\/\/medialur.com\/index.php?rest_route=\/wp\/v2\/posts\/87946","targetHints":{"allow":["GET"]}}],"collection":[{"href":"https:\/\/medialur.com\/index.php?rest_route=\/wp\/v2\/posts"}],"about":[{"href":"https:\/\/medialur.com\/index.php?rest_route=\/wp\/v2\/types\/post"}],"author":[{"embeddable":true,"href":"https:\/\/medialur.com\/index.php?rest_route=\/wp\/v2\/users\/6"}],"replies":[{"embeddable":true,"href":"https:\/\/medialur.com\/index.php?rest_route=%2Fwp%2Fv2%2Fcomments&post=87946"}],"version-history":[{"count":0,"href":"https:\/\/medialur.com\/index.php?rest_route=\/wp\/v2\/posts\/87946\/revisions"}],"wp:featuredmedia":[{"embeddable":true,"href":"https:\/\/medialur.com\/index.php?rest_route=\/wp\/v2\/media\/87947"}],"wp:attachment":[{"href":"https:\/\/medialur.com\/index.php?rest_route=%2Fwp%2Fv2%2Fmedia&parent=87946"}],"wp:term":[{"taxonomy":"category","embeddable":true,"href":"https:\/\/medialur.com\/index.php?rest_route=%2Fwp%2Fv2%2Fcategories&post=87946"},{"taxonomy":"post_tag","embeddable":true,"href":"https:\/\/medialur.com\/index.php?rest_route=%2Fwp%2Fv2%2Ftags&post=87946"}],"curies":[{"name":"wp","href":"https:\/\/api.w.org\/{rel}","templated":true}]}}