{"id":87930,"date":"2025-06-20T12:59:53","date_gmt":"2025-06-20T08:59:53","guid":{"rendered":"https:\/\/medialur.com\/la-revolte-silencieuse-5\/"},"modified":"2025-06-20T12:59:53","modified_gmt":"2025-06-20T08:59:53","slug":"la-revolte-silencieuse-5","status":"publish","type":"post","link":"https:\/\/medialur.com\/?p=87930","title":{"rendered":"La R\u00e9volte Silencieuse"},"content":{"rendered":"<p>Depuis des ann\u00e9es, Sophie courbait l&#8217;\u00e9chine pour complaire \u00e0 Marc. Chaque jour, elle absorbait ses remarques cinglantes et ses attentes d\u00e9mesur\u00e9es, persuad\u00e9e que l&#8217;amour \u00e9tait une s\u00e9rie de compromis silencieux. Jusqu&#8217;au jour o\u00f9 quelque chose en elle c\u00e9da. Ce matin-l\u00e0, la pluie tambourinait violemment contre les fen\u00eatres, \u00e9cho de la bataille silencieuse qui grondait en elle. Marc, install\u00e9 \u00e0 la table de la cuisine, se plaignait du caf\u00e9 ti\u00e8de qu&#8217;elle venait de lui servir. &#8220;Tu pourrais au moins te souvenir de comment j&#8217;aime mon caf\u00e9,&#8221; lan\u00e7a-t-il avec agacement.<\/p>\n<p>Sophie serra les poings, ses ongles s\u2019enfon\u00e7ant dans sa paume. &#8220;D\u00e9sol\u00e9e,&#8221; murmura-t-elle distraitement, mais ses pens\u00e9es \u00e9taient ailleurs. Toute la journ\u00e9e, elle repensa \u00e0 leur vie commune, aux sacrifices qu&#8217;elle avait consentis, souriante \u00e0 travers les d\u00e9ceptions.<\/p>\n<p>Chaque petite pique qu&#8217;il lui lan\u00e7ait semblait s&#8217;imbriquer dans un \u00e9difice qu&#8217;elle s&#8217;effor\u00e7ait de maintenir debout, m\u00eame si cela signifiait mettre de c\u00f4t\u00e9 ses propres besoins et aspirations. &#8220;Sophie, o\u00f9 est mon costume ? Je t&#8217;ai dit que je le voulais pr\u00eat pour ce matin !&#8221; cria Marc depuis la chambre.<\/p>\n<p>Elle accourut, son c\u0153ur battant la chamade. &#8220;Je suis d\u00e9sol\u00e9e, j&#8217;ai d\u00fb oublier, mais je vais le repasser tout de suite,&#8221; dit-elle avec pr\u00e9cipitation, sa voix tremblant l\u00e9g\u00e8rement.<\/p>\n<p>Marc soupira profond\u00e9ment, exprimant son m\u00e9contentement si \u00e9vident qu&#8217;il n&#8217;avait m\u00eame pas besoin de mots. Cette sc\u00e8ne se reproduisait trop souvent : elle, s&#8217;effor\u00e7ant de plaire ; lui, trouvant toujours \u00e0 redire.<\/p>\n<p>Le tournant arriva un soir, alors qu&#8217;elle regardait un vieux film \u00e0 la t\u00e9l\u00e9vision. Le personnage principal, une femme fatigu\u00e9e des contraintes de son mariage d\u00e9s\u00e9quilibr\u00e9, se leva finalement et partit sans un mot, reprenant le contr\u00f4le de sa vie. Quelque chose dans cette sc\u00e8ne \u00e9veilla une clart\u00e9 nouvelle en Sophie.<\/p>\n<p>Le lendemain, Marc rentra du travail, apparemment irrit\u00e9 par une journ\u00e9e difficile. &#8220;Fais-moi \u00e0 d\u00eener,&#8221; aboya-t-il en passant devant elle, sans un regard.<\/p>\n<p>Sophie, d&#8217;une voix plus forte qu&#8217;elle ne l&#8217;avait jamais utilis\u00e9e, dit : &#8220;Non, Marc. Je ne le ferai pas.&#8221;<\/p>\n<p>Il s&#8217;arr\u00eata net, surpris par sa r\u00e9ponse. &#8220;Qu&#8217;est-ce que tu veux dire, non ?&#8221; demanda-t-il, incr\u00e9dule.<\/p>\n<p>Elle le regarda droit dans les yeux, sentant le poids de chaque mot qu&#8217;elle pronon\u00e7ait. &#8220;Je ne suis pas ton esclave. J&#8217;ai aussi besoin de respect et de reconnaissance. Je ne vais plus continuer comme \u00e7a.&#8221;<\/p>\n<p>Marc ouvrit la bouche pour r\u00e9pliquer, mais les mots rest\u00e8rent coinc\u00e9s. Il n&#8217;avait jamais envisag\u00e9 que Sophie puisse contester leur dynamique.<\/p>\n<p>Ce soir-l\u00e0, Sophie dormit sur le canap\u00e9, mais pour la premi\u00e8re fois depuis longtemps, elle se sentit en paix, sereine \u00e0 l&#8217;id\u00e9e d&#8217;avoir enfin pris position.<\/p>\n<p>Dans les jours qui suivirent, la tension entre eux persista, mais quelque chose avait chang\u00e9. Marc commen\u00e7a \u00e0 r\u00e9aliser les fractures dans sa mani\u00e8re d&#8217;\u00eatre, et Sophie poursuivit son chemin vers sa propre ind\u00e9pendance, d\u00e9termin\u00e9e \u00e0 ne plus jamais se perdre dans l&#8217;ombre de quelqu&#8217;un d&#8217;autre.<\/p>\n","protected":false},"excerpt":{"rendered":"<p>Depuis des ann\u00e9es, Sophie courbait l&#8217;\u00e9chine pour complaire \u00e0 Marc. Chaque jour, elle absorbait ses remarques cinglantes et ses attentes d\u00e9mesur\u00e9es, persuad\u00e9e que l&#8217;amour \u00e9tait une s\u00e9rie de compromis silencieux. Jusqu&#8217;au jour o\u00f9 quelque chose en elle c\u00e9da. Ce matin-l\u00e0, la pluie tambourinait violemment contre les fen\u00eatres, \u00e9cho de la bataille silencieuse qui grondait en &#8230; <a title=\"La R\u00e9volte Silencieuse\" class=\"read-more\" href=\"https:\/\/medialur.com\/?p=87930\" aria-label=\"Read more about La R\u00e9volte Silencieuse\">Read more<\/a><\/p>\n","protected":false},"author":13,"featured_media":87931,"comment_status":"","ping_status":"","sticky":false,"template":"","format":"standard","meta":{"footnotes":""},"categories":[1],"tags":[],"class_list":["post-87930","post","type-post","status-publish","format-standard","has-post-thumbnail","hentry","category-uncategorized"],"views":134,"_links":{"self":[{"href":"https:\/\/medialur.com\/index.php?rest_route=\/wp\/v2\/posts\/87930","targetHints":{"allow":["GET"]}}],"collection":[{"href":"https:\/\/medialur.com\/index.php?rest_route=\/wp\/v2\/posts"}],"about":[{"href":"https:\/\/medialur.com\/index.php?rest_route=\/wp\/v2\/types\/post"}],"author":[{"embeddable":true,"href":"https:\/\/medialur.com\/index.php?rest_route=\/wp\/v2\/users\/13"}],"replies":[{"embeddable":true,"href":"https:\/\/medialur.com\/index.php?rest_route=%2Fwp%2Fv2%2Fcomments&post=87930"}],"version-history":[{"count":0,"href":"https:\/\/medialur.com\/index.php?rest_route=\/wp\/v2\/posts\/87930\/revisions"}],"wp:featuredmedia":[{"embeddable":true,"href":"https:\/\/medialur.com\/index.php?rest_route=\/wp\/v2\/media\/87931"}],"wp:attachment":[{"href":"https:\/\/medialur.com\/index.php?rest_route=%2Fwp%2Fv2%2Fmedia&parent=87930"}],"wp:term":[{"taxonomy":"category","embeddable":true,"href":"https:\/\/medialur.com\/index.php?rest_route=%2Fwp%2Fv2%2Fcategories&post=87930"},{"taxonomy":"post_tag","embeddable":true,"href":"https:\/\/medialur.com\/index.php?rest_route=%2Fwp%2Fv2%2Ftags&post=87930"}],"curies":[{"name":"wp","href":"https:\/\/api.w.org\/{rel}","templated":true}]}}