{"id":87926,"date":"2025-06-20T12:57:53","date_gmt":"2025-06-20T08:57:53","guid":{"rendered":"https:\/\/medialur.com\/entre-gloire-et-solitude-7\/"},"modified":"2025-06-20T12:57:53","modified_gmt":"2025-06-20T08:57:53","slug":"entre-gloire-et-solitude-7","status":"publish","type":"post","link":"https:\/\/medialur.com\/?p=87926","title":{"rendered":"Entre Gloire et Solitude"},"content":{"rendered":"<p>Depuis qu&#8217;elle avait d\u00e9croch\u00e9 le poste de directrice, le t\u00e9l\u00e9phone de L\u00e9a ne cessait de vibrer, chaque appel la poussant un peu plus loin de ceux qu&#8217;elle aimait. Son r\u00eave de r\u00e9ussite professionnelle l&#8217;emportait, mais \u00e0 quel prix ? Depuis son enfance, L\u00e9a avait soif de succ\u00e8s. Elle s&#8217;\u00e9tait toujours imagin\u00e9e dans un bureau d&#8217;angle, dominant la ville avec sa vision novatrice. \u00c0 35 ans, elle y \u00e9tait arriv\u00e9e, mais le prix \u00e0 payer s&#8217;\u00e9levait chaque jour un peu plus. Ses journ\u00e9es \u00e9taient des marathons de r\u00e9unions et de d\u00e9cisions cruciales, tandis que ses soir\u00e9es \u00e9taient remplies de d\u00eeners d&#8217;affaires et de conf\u00e9rences internationales. <\/p>\n<p>Pierre, son mari, voyait de moins en moins sa femme. Leurs moments partag\u00e9s s&#8217;effritaient, remplac\u00e9s par un vide grandissant. Un soir, alors qu&#8217;elle rentrait tard, elle trouva Pierre seul \u00e0 table, une bougie vacillante projetant des ombres dans la pi\u00e8ce. &#8220;L\u00e9a, on doit parler,&#8221; commen\u00e7a-t-il, sa voix empreinte de fatigue. &#8220;Je sais \u00e0 quel point ce travail est important pour toi, mais je te perds. On te perd&#8230;&#8221; <\/p>\n<p>Leurs enfants souffraient aussi de son absence. Alors que L\u00e9a signait des contrats sous des applaudissements virtuels, elle manquait des r\u00e9citals de piano et des matchs de football. Chaque succ\u00e8s professionnel l&#8217;\u00e9loignait un peu plus de son r\u00f4le de m\u00e8re et d&#8217;\u00e9pouse. <\/p>\n<p>Son amie d&#8217;enfance, Claire, lui en fit \u00e9galement la remarque lors d&#8217;un d\u00e9jeuner qui avait n\u00e9cessit\u00e9 deux mois de planification. &#8220;Tu deviens une ombre, L\u00e9a. Tu \u00e9tais si vivante avant. C&#8217;est comme si tu te perdais dans cette qu\u00eate de reconnaissance.&#8221; <\/p>\n<p>Le point de rupture arriva avec une crise familiale. Sa fille, Alice, tomba gravement malade. L&#8217;hospitalisation co\u00efncidait avec la signature d&#8217;un contrat \u00e0 plusieurs millions, un accord qui propulserait L\u00e9a au sommet de son domaine. Elle se trouvait dans le hall d&#8217;entr\u00e9e de l&#8217;h\u00f4pital, ses chaussures \u00e9choant contre le sol carrel\u00e9, lorsque son t\u00e9l\u00e9phone vibra. &#8220;L\u00e9a, on a besoin de toi pour finaliser l&#8217;accord. Tu peux nous rejoindre ?&#8221; La voix \u00e0 l&#8217;autre bout \u00e9tait impatiente. <\/p>\n<p>Elle regarda \u00e0 travers les immenses fen\u00eatres de l&#8217;h\u00f4pital, voyant les lumi\u00e8res de la ville cligner, un reflet de sa vie effr\u00e9n\u00e9e. Dans cet instant suspendu, la voix de sa fille r\u00e9sonnait dans sa t\u00eate : &#8220;Maman, reste avec moi, s&#8217;il te pla\u00eet.&#8221; L\u00e9a devait choisir, et pour la premi\u00e8re fois, elle \u00e9couta ce que son c\u0153ur lui dictait. Posant son t\u00e9l\u00e9phone, elle rejoignit la chambre de sa fille, pr\u00eate \u00e0 \u00eatre l\u00e0, enfin. <\/p>\n<p>La d\u00e9cision \u00e9tait prise. Elle r\u00e9duirait ses fonctions, d\u00e9l\u00e9guerait plus, et s&#8217;assurerait d&#8217;\u00eatre pr\u00e9sente pour les siens. Elle ne renon\u00e7ait pas \u00e0 sa carri\u00e8re, mais elle r\u00e9apprenait l&#8217;art de l&#8217;\u00e9quilibre. Ses ambitions restaient intactes, mais le monde ne s&#8217;effondrerait pas si elle s&#8217;accordait le droit de respirer. <\/p>\n<p>Cette exp\u00e9rience l&#8217;avait chang\u00e9e, et elle \u00e9tait d\u00e9termin\u00e9e \u00e0 ne plus laisser passer ce qui comptait vraiment dans la qu\u00eate de quelque chose d\u2019aussi \u00e9ph\u00e9m\u00e8re que la reconnaissance professionnelle.<\/p>\n","protected":false},"excerpt":{"rendered":"<p>Depuis qu&#8217;elle avait d\u00e9croch\u00e9 le poste de directrice, le t\u00e9l\u00e9phone de L\u00e9a ne cessait de vibrer, chaque appel la poussant un peu plus loin de ceux qu&#8217;elle aimait. Son r\u00eave de r\u00e9ussite professionnelle l&#8217;emportait, mais \u00e0 quel prix ? Depuis son enfance, L\u00e9a avait soif de succ\u00e8s. Elle s&#8217;\u00e9tait toujours imagin\u00e9e dans un bureau d&#8217;angle, &#8230; <a title=\"Entre Gloire et Solitude\" class=\"read-more\" href=\"https:\/\/medialur.com\/?p=87926\" aria-label=\"Read more about Entre Gloire et Solitude\">Read more<\/a><\/p>\n","protected":false},"author":11,"featured_media":87927,"comment_status":"","ping_status":"","sticky":false,"template":"","format":"standard","meta":{"footnotes":""},"categories":[1],"tags":[],"class_list":["post-87926","post","type-post","status-publish","format-standard","has-post-thumbnail","hentry","category-uncategorized"],"views":82,"_links":{"self":[{"href":"https:\/\/medialur.com\/index.php?rest_route=\/wp\/v2\/posts\/87926","targetHints":{"allow":["GET"]}}],"collection":[{"href":"https:\/\/medialur.com\/index.php?rest_route=\/wp\/v2\/posts"}],"about":[{"href":"https:\/\/medialur.com\/index.php?rest_route=\/wp\/v2\/types\/post"}],"author":[{"embeddable":true,"href":"https:\/\/medialur.com\/index.php?rest_route=\/wp\/v2\/users\/11"}],"replies":[{"embeddable":true,"href":"https:\/\/medialur.com\/index.php?rest_route=%2Fwp%2Fv2%2Fcomments&post=87926"}],"version-history":[{"count":0,"href":"https:\/\/medialur.com\/index.php?rest_route=\/wp\/v2\/posts\/87926\/revisions"}],"wp:featuredmedia":[{"embeddable":true,"href":"https:\/\/medialur.com\/index.php?rest_route=\/wp\/v2\/media\/87927"}],"wp:attachment":[{"href":"https:\/\/medialur.com\/index.php?rest_route=%2Fwp%2Fv2%2Fmedia&parent=87926"}],"wp:term":[{"taxonomy":"category","embeddable":true,"href":"https:\/\/medialur.com\/index.php?rest_route=%2Fwp%2Fv2%2Fcategories&post=87926"},{"taxonomy":"post_tag","embeddable":true,"href":"https:\/\/medialur.com\/index.php?rest_route=%2Fwp%2Fv2%2Ftags&post=87926"}],"curies":[{"name":"wp","href":"https:\/\/api.w.org\/{rel}","templated":true}]}}