{"id":87922,"date":"2025-06-20T12:55:54","date_gmt":"2025-06-20T08:55:54","guid":{"rendered":"https:\/\/medialur.com\/le-retour-apres-vingt-ans-12\/"},"modified":"2025-06-20T12:55:54","modified_gmt":"2025-06-20T08:55:54","slug":"le-retour-apres-vingt-ans-12","status":"publish","type":"post","link":"https:\/\/medialur.com\/?p=87922","title":{"rendered":"Le Retour Apr\u00e8s Vingt Ans"},"content":{"rendered":"<p>Elle n&#8217;aurait jamais pens\u00e9 revoir son fr\u00e8re, pas apr\u00e8s vingt ans de silence. Pourtant, un apr\u00e8s-midi ordinaire, alors qu&#8217;elle feuilletait un vieil album photo qui lui rappelait des souvenirs doux-amers, la sonnette retentit, brisant le silence paisible de sa maison. En ouvrant la porte, elle fut fig\u00e9e sur place, le visage de son fr\u00e8re se tenant devant elle, portant les marques du temps et de la distance.<\/p>\n<p>Marie avait appris \u00e0 vivre avec la douleur de cette absence, une cicatrice cach\u00e9e sous les couches de la vie quotidienne. \u00c0 l&#8217;\u00e9poque, leur dispute avait \u00e9t\u00e9 un s\u00e9isme, un tremblement de terre \u00e9motionnel qui avait fractur\u00e9 leur relation, apparemment sans r\u00e9paration possible. L&#8217;abandon qu&#8217;elle avait ressenti alors que Jean \u00e9tait parti, laissant derri\u00e8re lui seulement des mots durs et une promesse de ne jamais revenir, avait creus\u00e9 un foss\u00e9 profond entre eux.<\/p>\n<p>En le voyant aujourd&#8217;hui, elle ressentit un tourbillon d&#8217;\u00e9motions \u2013 col\u00e8re, tristesse, et peut-\u00eatre une \u00e9tincelle d&#8217;espoir. Les premi\u00e8res paroles furent h\u00e9sitantes, emplis d&#8217;un m\u00e9lange d&#8217;\u00e9tonnement et de m\u00e9fiance.<\/p>\n<p>&#8220;Marie&#8230; je suis revenu,&#8221; murmura Jean, ses yeux cherchant les siens, comme s&#8217;il essayait de sonder son \u00e2me pour y trouver une trace de pardon.<\/p>\n<p>Elle r\u00e9pondit, sa voix glac\u00e9e par des ann\u00e9es de ressentiment : &#8220;Pourquoi maintenant, Jean ? Apr\u00e8s tant d&#8217;ann\u00e9es ?&#8221;<\/p>\n<p>Jean baissa les yeux. &#8220;Je sais que j&#8217;ai fait des erreurs, des erreurs que je regrette chaque jour. J&#8217;ai pens\u00e9 que le temps apaiserait les choses, mais&#8230; je me suis rendu compte que tu me manquais. La famille me manque.&#8221;<\/p>\n<p>Ils rest\u00e8rent debout, un silence tendu ponctuant leurs retrouvailles. Marie se rem\u00e9mora des moments de leur enfance &#8211; les \u00e9clats de rire partag\u00e9s, les jeux sous les ch\u00eanes du jardin de leur grand-m\u00e8re, et un \u00e9clat de tendresse fit vaciller sa r\u00e9solution. Mais les souvenirs du dernier jour, les cris et la porte qui claque, \u00e9taient toujours aussi vifs.<\/p>\n<p>&#8220;Tu ne peux pas juste revenir et tout r\u00e9parer avec quelques mots,&#8221; r\u00e9torqua-t-elle, la voix tremblante, les larmes mena\u00e7ant de couler.<\/p>\n<p>&#8220;Je sais,&#8221; dit Jean, s&#8217;approchant timidement. &#8220;Je ne suis pas ici pour effacer le pass\u00e9, mais pour essayer de construire quelque chose de nouveau, si tu me le permets.&#8221;<\/p>\n<p>Marie sentit son c\u0153ur se serrer. Elle avait r\u00eav\u00e9 tant de fois de ce moment, l&#8217;ayant imagin\u00e9 de mille fa\u00e7ons, mais jamais elle n&#8217;avait su quelle serait sa r\u00e9action r\u00e9elle. Elle prit une profonde inspiration, essayant de d\u00e9m\u00ealer le n\u0153ud de sentiments contradictoires qui l&#8217;envahissait.<\/p>\n<p>&#8220;Je ne sais pas si je peux te pardonner compl\u00e8tement, Jean. Pas encore. Mais c&#8217;est un d\u00e9but,&#8221; murmura-t-elle, lui tendant la main avec h\u00e9sitation.<\/p>\n<p>Jean la saisit avec gratitude, une lueur d&#8217;espoir dans les yeux. &#8220;Merci, Marie. Je suis pr\u00eat \u00e0 prendre le temps qu&#8217;il faudra&#8230; ensemble.&#8221;<\/p>\n<p>Leur \u00e9treinte fut timide, une promesse muette de tenter de reconstruire ce qui avait \u00e9t\u00e9 bris\u00e9. Le chemin vers le pardon total serait long, parsem\u00e9 d&#8217;emb\u00fbches et de douleurs anciennes, mais ils avaient fait le premier pas.<\/p>\n<p>Le soleil se couchait \u00e0 l&#8217;horizon, projetant une douce lueur sur leur maison, comme une m\u00e9taphore de la seconde chance qui se profilait devant eux.<\/p>\n","protected":false},"excerpt":{"rendered":"<p>Elle n&#8217;aurait jamais pens\u00e9 revoir son fr\u00e8re, pas apr\u00e8s vingt ans de silence. Pourtant, un apr\u00e8s-midi ordinaire, alors qu&#8217;elle feuilletait un vieil album photo qui lui rappelait des souvenirs doux-amers, la sonnette retentit, brisant le silence paisible de sa maison. En ouvrant la porte, elle fut fig\u00e9e sur place, le visage de son fr\u00e8re se &#8230; <a title=\"Le Retour Apr\u00e8s Vingt Ans\" class=\"read-more\" href=\"https:\/\/medialur.com\/?p=87922\" aria-label=\"Read more about Le Retour Apr\u00e8s Vingt Ans\">Read more<\/a><\/p>\n","protected":false},"author":12,"featured_media":87923,"comment_status":"","ping_status":"","sticky":false,"template":"","format":"standard","meta":{"footnotes":""},"categories":[1],"tags":[],"class_list":["post-87922","post","type-post","status-publish","format-standard","has-post-thumbnail","hentry","category-uncategorized"],"views":120,"_links":{"self":[{"href":"https:\/\/medialur.com\/index.php?rest_route=\/wp\/v2\/posts\/87922","targetHints":{"allow":["GET"]}}],"collection":[{"href":"https:\/\/medialur.com\/index.php?rest_route=\/wp\/v2\/posts"}],"about":[{"href":"https:\/\/medialur.com\/index.php?rest_route=\/wp\/v2\/types\/post"}],"author":[{"embeddable":true,"href":"https:\/\/medialur.com\/index.php?rest_route=\/wp\/v2\/users\/12"}],"replies":[{"embeddable":true,"href":"https:\/\/medialur.com\/index.php?rest_route=%2Fwp%2Fv2%2Fcomments&post=87922"}],"version-history":[{"count":0,"href":"https:\/\/medialur.com\/index.php?rest_route=\/wp\/v2\/posts\/87922\/revisions"}],"wp:featuredmedia":[{"embeddable":true,"href":"https:\/\/medialur.com\/index.php?rest_route=\/wp\/v2\/media\/87923"}],"wp:attachment":[{"href":"https:\/\/medialur.com\/index.php?rest_route=%2Fwp%2Fv2%2Fmedia&parent=87922"}],"wp:term":[{"taxonomy":"category","embeddable":true,"href":"https:\/\/medialur.com\/index.php?rest_route=%2Fwp%2Fv2%2Fcategories&post=87922"},{"taxonomy":"post_tag","embeddable":true,"href":"https:\/\/medialur.com\/index.php?rest_route=%2Fwp%2Fv2%2Ftags&post=87922"}],"curies":[{"name":"wp","href":"https:\/\/api.w.org\/{rel}","templated":true}]}}