{"id":87902,"date":"2025-06-20T12:46:22","date_gmt":"2025-06-20T08:46:22","guid":{"rendered":"https:\/\/medialur.com\/le-poids-des-attentes-injustes-2\/"},"modified":"2025-06-20T12:46:22","modified_gmt":"2025-06-20T08:46:22","slug":"le-poids-des-attentes-injustes-2","status":"publish","type":"post","link":"https:\/\/medialur.com\/?p=87902","title":{"rendered":"Le Poids des Attentes Injustes"},"content":{"rendered":"<p>Depuis des ann\u00e9es, Camille courbait l&#8217;\u00e9chine pour satisfaire les moindres caprices de Julien, son mari. Chaque jour, elle encaissait les remarques acerbes et les silences pesants. Jusqu&#8217;\u00e0 ce qu&#8217;un \u00e9v\u00e9nement anodin, l&#8217;anniversaire de leur fille, fasse tout basculer.<\/p>\n<p>Le matin de la f\u00eate d&#8217;anniversaire, Camille s&#8217;\u00e9tait lev\u00e9e \u00e0 l&#8217;aube pour pr\u00e9parer le g\u00e2teau pr\u00e9f\u00e9r\u00e9 de sa fille, un fraisier maison. Elle avait pass\u00e9 la semaine \u00e0 organiser chaque d\u00e9tail de la f\u00eate pendant que Julien restait indiff\u00e9rent, absorb\u00e9 par son travail et ses amis. &#8220;Apr\u00e8s tout, c&#8217;est le r\u00f4le des m\u00e8res, non ?&#8221; lui lan\u00e7ait-il \u00e0 chaque plainte.<\/p>\n<p>Ce jour-l\u00e0, elle \u00e9tait \u00e9puis\u00e9e, mais d\u00e9termin\u00e9e \u00e0 voir sa fille heureuse. Tandis qu&#8217;elle disposait les fraises sur le g\u00e2teau, Julien entra dans la cuisine, le nez coll\u00e9 \u00e0 son t\u00e9l\u00e9phone. &#8220;T&#8217;as pens\u00e9 \u00e0 r\u00e9server la salle pour ce soir ?&#8221; demanda-t-il soudain, sans m\u00eame lever les yeux. Camille, d\u00e9j\u00e0 surcharg\u00e9e, r\u00e9pondit calmement qu&#8217;elle n&#8217;avait pas eu le temps. Julien soupira dramatiquement. &#8220;C&#8217;est fou ce que je dois tout g\u00e9rer ici. Un homme a besoin de tranquillit\u00e9 chez lui.&#8221;<\/p>\n<p>Camille sentit une col\u00e8re sourde monter en elle. Elle se ma\u00eetrisa et r\u00e9pondit d&#8217;une voix tremblante, &#8220;Julien, tu ne r\u00e9alises m\u00eame pas tout ce que je fais d\u00e9j\u00e0. Je ne suis pas ta servante.&#8221; Mais Julien, haussant les \u00e9paules, quitta la pi\u00e8ce sans un mot.<\/p>\n<p>Le tournant survint cette apr\u00e8s-midi-l\u00e0, lorsque, debout devant le miroir, elle vit une femme fatigu\u00e9e et d\u00e9laiss\u00e9e. Elle se souvint soudain d&#8217;une promesse qu&#8217;elle s&#8217;\u00e9tait faite longtemps auparavant : ne jamais laisser quelqu&#8217;un lui dicter sa vie. Puis, le d\u00e9clic. Elle devait parler.<\/p>\n<p>Ce soir-l\u00e0, apr\u00e8s la f\u00eate, alors qu&#8217;ils rangeaient la maison, Camille prit son courage \u00e0 deux mains. &#8220;Julien, il faut qu&#8217;on parle.&#8221; Elle s&#8217;arr\u00eata, cherchant les bons mots. &#8220;Je ne peux plus vivre comme \u00e7a. J&#8217;ai besoin de respect et d&#8217;une vraie collaboration dans notre mariage. Ce n&#8217;est pas juste pour moi de tout porter seule.&#8221;<\/p>\n<p>Julien, surpris, releva enfin la t\u00eate. &#8220;Camille, je ne me rendais pas compte&#8230;&#8221; commen\u00e7a-t-il, mais elle l&#8217;interrompit. &#8220;Si tu ne changes pas, je partirai. Je refuse de sacrifier ma dignit\u00e9 et mon bonheur.&#8221; Ces mots r\u00e9sonn\u00e8rent dans le silence qui suivit.<\/p>\n<p>Ce fut le d\u00e9but d&#8217;un changement. Julien, confront\u00e9 \u00e0 la menace bien r\u00e9elle de perdre Camille, accepta d&#8217;essayer. Il s&#8217;engagea \u00e0 partager les responsabilit\u00e9s familiales et \u00e0 mieux communiquer. Leur chemin vers une nouvelle dynamique de couple ne fut pas sans obstacles, mais pour la premi\u00e8re fois, Camille sentit son poids s&#8217;all\u00e9ger.<\/p>\n<p>L&#8217;histoire de Camille et Julien illustre la force que l&#8217;on trouve en se tenant debout pour ses besoins et ses limites. Il n&#8217;est jamais facile de changer ses habitudes, mais parfois, une conversation honn\u00eate est le premier pas vers une relation plus \u00e9quilibr\u00e9e et \u00e9panouissante.<\/p>\n","protected":false},"excerpt":{"rendered":"<p>Depuis des ann\u00e9es, Camille courbait l&#8217;\u00e9chine pour satisfaire les moindres caprices de Julien, son mari. Chaque jour, elle encaissait les remarques acerbes et les silences pesants. Jusqu&#8217;\u00e0 ce qu&#8217;un \u00e9v\u00e9nement anodin, l&#8217;anniversaire de leur fille, fasse tout basculer. Le matin de la f\u00eate d&#8217;anniversaire, Camille s&#8217;\u00e9tait lev\u00e9e \u00e0 l&#8217;aube pour pr\u00e9parer le g\u00e2teau pr\u00e9f\u00e9r\u00e9 de &#8230; <a title=\"Le Poids des Attentes Injustes\" class=\"read-more\" href=\"https:\/\/medialur.com\/?p=87902\" aria-label=\"Read more about Le Poids des Attentes Injustes\">Read more<\/a><\/p>\n","protected":false},"author":9,"featured_media":87903,"comment_status":"","ping_status":"","sticky":false,"template":"","format":"standard","meta":{"footnotes":""},"categories":[1],"tags":[],"class_list":["post-87902","post","type-post","status-publish","format-standard","has-post-thumbnail","hentry","category-uncategorized"],"views":104,"_links":{"self":[{"href":"https:\/\/medialur.com\/index.php?rest_route=\/wp\/v2\/posts\/87902","targetHints":{"allow":["GET"]}}],"collection":[{"href":"https:\/\/medialur.com\/index.php?rest_route=\/wp\/v2\/posts"}],"about":[{"href":"https:\/\/medialur.com\/index.php?rest_route=\/wp\/v2\/types\/post"}],"author":[{"embeddable":true,"href":"https:\/\/medialur.com\/index.php?rest_route=\/wp\/v2\/users\/9"}],"replies":[{"embeddable":true,"href":"https:\/\/medialur.com\/index.php?rest_route=%2Fwp%2Fv2%2Fcomments&post=87902"}],"version-history":[{"count":0,"href":"https:\/\/medialur.com\/index.php?rest_route=\/wp\/v2\/posts\/87902\/revisions"}],"wp:featuredmedia":[{"embeddable":true,"href":"https:\/\/medialur.com\/index.php?rest_route=\/wp\/v2\/media\/87903"}],"wp:attachment":[{"href":"https:\/\/medialur.com\/index.php?rest_route=%2Fwp%2Fv2%2Fmedia&parent=87902"}],"wp:term":[{"taxonomy":"category","embeddable":true,"href":"https:\/\/medialur.com\/index.php?rest_route=%2Fwp%2Fv2%2Fcategories&post=87902"},{"taxonomy":"post_tag","embeddable":true,"href":"https:\/\/medialur.com\/index.php?rest_route=%2Fwp%2Fv2%2Ftags&post=87902"}],"curies":[{"name":"wp","href":"https:\/\/api.w.org\/{rel}","templated":true}]}}