{"id":87894,"date":"2025-06-20T12:41:57","date_gmt":"2025-06-20T08:41:57","guid":{"rendered":"https:\/\/medialur.com\/liberation-de-letreinte-de-belle-maman\/"},"modified":"2025-06-20T12:41:57","modified_gmt":"2025-06-20T08:41:57","slug":"liberation-de-letreinte-de-belle-maman","status":"publish","type":"post","link":"https:\/\/medialur.com\/?p=87894","title":{"rendered":"Lib\u00e9ration de l&#8217;\u00c9treinte de Belle-Maman"},"content":{"rendered":"<p>Tout a commenc\u00e9 par l&#8217;annulation de nos vacances \u00e0 cause d&#8217;une \u00e9ni\u00e8me exigence de belle-maman. Cette fois-ci, elle insistait pour que nous participions \u00e0 son grand d\u00eener annuel, planifi\u00e9 \u00e0 la derni\u00e8re minute. C&#8217;\u00e9tait une tentative de plus pour montrer son emprise sur notre vie, une d\u00e9monstration de pouvoir que nous \u00e9tions devenus trop habiles \u00e0 esquiver dans notre quotidien. Mais l\u00e0, c&#8217;\u00e9tait la goutte d&#8217;eau qui faisait d\u00e9border le vase.<\/p>\n<p>Je suis C\u00e9cile, mari\u00e9e \u00e0 Marc depuis sept ans. Nous vivons dans une petite maison \u00e0 la p\u00e9riph\u00e9rie de Paris avec notre fils, Lucas, \u00e2g\u00e9 de cinq ans. Depuis le d\u00e9but de notre relation, la m\u00e8re de Marc, Madame Dupuis, n&#8217;a cess\u00e9 de nous imposer ses volont\u00e9s, sous pr\u00e9texte de garder la famille unie. Son sourire chaleureux ne parvenait plus \u00e0 masquer ses v\u00e9ritables intentions, celles de contr\u00f4ler notre vie familiale jusqu&#8217;au moindre d\u00e9tail.<\/p>\n<p>\u00ab Pourquoi vous ne viendriez pas dimanche ? Vous savez \u00e0 quel point c&#8217;est important pour moi, \u00bb disait-elle au t\u00e9l\u00e9phone, sa voix sucr\u00e9e mais inflexible. Marc, la m\u00e2choire serr\u00e9e, me regardait avec des yeux suppliants, comme s&#8217;il cherchait mon approbation pour encore une fois c\u00e9der. Je soupirais, mes doigts jouant nerveusement avec une m\u00e8che de mes cheveux. Nous avions promis \u00e0 Lucas une vir\u00e9e surprise au zoo. <\/p>\n<p>\u00ab Maman, nous avons d\u00e9j\u00e0 quelque chose de pr\u00e9vu, \u00bb r\u00e9pondit Marc d&#8217;une voix lasse. Je pouvais sentir toute la frustration qu&#8217;il contenait derri\u00e8re une fa\u00e7ade sereine.<\/p>\n<p>\u00ab Rien n&#8217;est plus important que la famille, \u00bb r\u00e9torqua-t-elle, sa voix teint\u00e9e d&#8217;un reproche tacite.<\/p>\n<p>Ce soir-l\u00e0, apr\u00e8s avoir couch\u00e9 Lucas, Marc et moi nous ass\u00eemes \u00e0 la table de la cuisine, absorb\u00e9s dans un silence lourd. \u00ab Il faut que \u00e7a cesse, \u00bb d\u00e9clarai-je finalement, brisant le calme pesant.<\/p>\n<p>\u00ab Je sais, mais comment ? Elle ne nous l\u00e2chera pas, \u00bb r\u00e9pondit-il en posant sa t\u00eate entre ses mains, l&#8217;abattement se refl\u00e9tant dans ses yeux fatigu\u00e9s.<\/p>\n<p>La confrontation \u00e9clata le dimanche suivant alors que nous \u00e9tions assis \u00e0 la table du d\u00eener, Marc et moi tentant de garder notre sang-froid. Madame Dupuis mentionna, sur un ton d\u00e9contract\u00e9, son intention de venir vivre chez nous pour &#8220;aider avec Lucas&#8221;. Je sentis une col\u00e8re sourde monter en moi, mes mains se crispant autour de ma fourchette.<\/p>\n<p>\u00ab C&#8217;est hors de question ! \u00bb Ma voix s&#8217;\u00e9leva soudain, rompant le vacarme des couverts et des conversations de circonstance.<\/p>\n<p>Marc me regarda, surpris mais visiblement soulag\u00e9 que quelqu&#8217;un ait enfin le courage de s&#8217;opposer. \u00ab Maman, nous avons besoin de faire notre propre chemin, \u00bb ajouta-t-il, sa voix reprenant assurance.<\/p>\n<p>Nous avons quitt\u00e9 la maison avant le dessert, la tension palpable dans l&#8217;air glac\u00e9 du soir. Sur le chemin du retour, une sensation de libert\u00e9 in\u00e9dite nous envahit. C&#8217;\u00e9tait notre vie, nos d\u00e9cisions \u00e0 prendre.<\/p>\n<p>Depuis cet \u00e9v\u00e9nement, nous avons r\u00e9ussi \u00e0 \u00e9tablir des limites claires, et notre famille n&#8217;en est que plus forte. Il a fallu du courage pour affronter Madame Dupuis, mais parfois, prendre position est la seule fa\u00e7on de prot\u00e9ger ce qui est essentiel.<\/p>\n","protected":false},"excerpt":{"rendered":"<p>Tout a commenc\u00e9 par l&#8217;annulation de nos vacances \u00e0 cause d&#8217;une \u00e9ni\u00e8me exigence de belle-maman. Cette fois-ci, elle insistait pour que nous participions \u00e0 son grand d\u00eener annuel, planifi\u00e9 \u00e0 la derni\u00e8re minute. C&#8217;\u00e9tait une tentative de plus pour montrer son emprise sur notre vie, une d\u00e9monstration de pouvoir que nous \u00e9tions devenus trop habiles &#8230; <a title=\"Lib\u00e9ration de l&#8217;\u00c9treinte de Belle-Maman\" class=\"read-more\" href=\"https:\/\/medialur.com\/?p=87894\" aria-label=\"Read more about Lib\u00e9ration de l&#8217;\u00c9treinte de Belle-Maman\">Read more<\/a><\/p>\n","protected":false},"author":8,"featured_media":87895,"comment_status":"","ping_status":"","sticky":false,"template":"","format":"standard","meta":{"footnotes":""},"categories":[1],"tags":[],"class_list":["post-87894","post","type-post","status-publish","format-standard","has-post-thumbnail","hentry","category-uncategorized"],"views":130,"_links":{"self":[{"href":"https:\/\/medialur.com\/index.php?rest_route=\/wp\/v2\/posts\/87894","targetHints":{"allow":["GET"]}}],"collection":[{"href":"https:\/\/medialur.com\/index.php?rest_route=\/wp\/v2\/posts"}],"about":[{"href":"https:\/\/medialur.com\/index.php?rest_route=\/wp\/v2\/types\/post"}],"author":[{"embeddable":true,"href":"https:\/\/medialur.com\/index.php?rest_route=\/wp\/v2\/users\/8"}],"replies":[{"embeddable":true,"href":"https:\/\/medialur.com\/index.php?rest_route=%2Fwp%2Fv2%2Fcomments&post=87894"}],"version-history":[{"count":0,"href":"https:\/\/medialur.com\/index.php?rest_route=\/wp\/v2\/posts\/87894\/revisions"}],"wp:featuredmedia":[{"embeddable":true,"href":"https:\/\/medialur.com\/index.php?rest_route=\/wp\/v2\/media\/87895"}],"wp:attachment":[{"href":"https:\/\/medialur.com\/index.php?rest_route=%2Fwp%2Fv2%2Fmedia&parent=87894"}],"wp:term":[{"taxonomy":"category","embeddable":true,"href":"https:\/\/medialur.com\/index.php?rest_route=%2Fwp%2Fv2%2Fcategories&post=87894"},{"taxonomy":"post_tag","embeddable":true,"href":"https:\/\/medialur.com\/index.php?rest_route=%2Fwp%2Fv2%2Ftags&post=87894"}],"curies":[{"name":"wp","href":"https:\/\/api.w.org\/{rel}","templated":true}]}}