{"id":87890,"date":"2025-06-20T12:39:40","date_gmt":"2025-06-20T08:39:40","guid":{"rendered":"https:\/\/medialur.com\/le-lien-cache-11\/"},"modified":"2025-06-20T12:39:40","modified_gmt":"2025-06-20T08:39:40","slug":"le-lien-cache-11","status":"publish","type":"post","link":"https:\/\/medialur.com\/?p=87890","title":{"rendered":"Le Lien Cach\u00e9"},"content":{"rendered":"<p>Dans les rues anim\u00e9es de Lyon, une question persistait : qui \u00e9tait cet inconnu qui avait aid\u00e9 Claire quand elle en avait le plus besoin ? <\/p>\n<p>Claire traversait une p\u00e9riode difficile. La perte r\u00e9cente de son emploi et la pression d&#8217;une vie solitaire l&#8217;avaient pouss\u00e9e au bord de la rupture. Le monde lui semblait vaste et impersonnel, chaque jour une montagne \u00e0 gravir. C&#8217;\u00e9tait au cours d&#8217;un de ces jours gris et d\u00e9primants qu&#8217;elle rencontra Julien. <\/p>\n<p>Elle \u00e9tait assise sur un banc dans le parc, les larmes brouillant sa vision. Une main douce se posa sur son \u00e9paule. \u00ab Tout va bien ? \u00bb demanda une voix chaleureuse. Claire releva les yeux pour rencontrer le regard bienveillant d&#8217;un homme d&#8217;une quarantaine d&#8217;ann\u00e9es. <\/p>\n<p>\u00ab Je\u2026 je ne sais pas, \u00bb balbutia-t-elle. <\/p>\n<p>Julien s&#8217;assit \u00e0 c\u00f4t\u00e9 d&#8217;elle. \u00ab Parfois, il suffit de parler \u00e0 quelqu&#8217;un pour all\u00e9ger le fardeau, \u00bb dit-il. <\/p>\n<p>Ils parl\u00e8rent longtemps ce jour-l\u00e0. Julien \u00e9coutait attentivement, sans interrompre, offrant des mots de r\u00e9confort \u00e0 chaque pause. Il semblait comprendre ses tourments d&#8217;une mani\u00e8re que peu de gens avaient jamais fait. <\/p>\n<p>Au fil des semaines, Julien devint une pr\u00e9sence constante dans la vie de Claire. Chaque rencontre renfor\u00e7ait leur amiti\u00e9 et le soutien qu&#8217;il lui apportait \u00e9tait inestimable. \u00ab Pourquoi m&#8217;aidez-vous autant ? \u00bb lui demanda-t-elle un jour, sa curiosit\u00e9 piqu\u00e9e par le myst\u00e8re qu&#8217;il repr\u00e9sentait. <\/p>\n<p>Il sourit en haussant les \u00e9paules. \u00ab Parfois, les bonnes personnes traversent notre chemin au bon moment. \u00bb <\/p>\n<p>Un jour, alors qu&#8217;ils \u00e9changeaient sous un arbre du parc, Claire aper\u00e7ut le m\u00e9daillon que Julien portait autour du cou. Quelque chose dans le pendentif lui sembla \u00e9trangement familier. \u00ab Puis-je ? \u00bb demanda-t-elle, pointant du doigt le m\u00e9daillon. <\/p>\n<p>Julien le lui tendit avec un sourire. En l&#8217;ouvrant, elle d\u00e9couvrit une photo en noir et blanc de sa grand-m\u00e8re. Le choc \u00e9tait \u00e9vident dans ses yeux. \u00ab C&#8217;est ma grand-m\u00e8re, \u00bb murmura-t-elle, abasourdie. <\/p>\n<p>Julien resta silencieux un moment, pris de court par la r\u00e9v\u00e9lation. \u00ab Elle \u00e9tait aussi ma tante, \u00bb finit-il par avouer. <\/p>\n<p>La d\u00e9couverte \u00e9tait \u00e0 la fois stup\u00e9fiante et \u00e9motive. Deux \u00e9trangers li\u00e9s par le pass\u00e9, d\u00e9couvrant que le destin les avait r\u00e9unis non par hasard, mais par un lien familial insoup\u00e7onn\u00e9. <\/p>\n<p>Leur amiti\u00e9 prit alors un sens nouveau, renforc\u00e9 par les racines profondes qu&#8217;ils partageaient. Claire r\u00e9alisa que, m\u00eame au c\u0153ur de la solitude, les liens invisibles de la famille peuvent \u00e9merger de la mani\u00e8re la plus inattendue, apportant lumi\u00e8re et r\u00e9confort. <\/p>\n<p>En ce jour ensoleill\u00e9 \u00e0 Lyon, Claire ne se sentait plus seule. Elle avait d\u00e9couvert non seulement un alli\u00e9, mais un membre de sa famille, un lien indestructible qui changerait \u00e0 jamais leur vie.<\/p>\n","protected":false},"excerpt":{"rendered":"<p>Dans les rues anim\u00e9es de Lyon, une question persistait : qui \u00e9tait cet inconnu qui avait aid\u00e9 Claire quand elle en avait le plus besoin ? Claire traversait une p\u00e9riode difficile. La perte r\u00e9cente de son emploi et la pression d&#8217;une vie solitaire l&#8217;avaient pouss\u00e9e au bord de la rupture. Le monde lui semblait vaste &#8230; <a title=\"Le Lien Cach\u00e9\" class=\"read-more\" href=\"https:\/\/medialur.com\/?p=87890\" aria-label=\"Read more about Le Lien Cach\u00e9\">Read more<\/a><\/p>\n","protected":false},"author":6,"featured_media":87891,"comment_status":"","ping_status":"","sticky":false,"template":"","format":"standard","meta":{"footnotes":""},"categories":[1],"tags":[],"class_list":["post-87890","post","type-post","status-publish","format-standard","has-post-thumbnail","hentry","category-uncategorized"],"views":171,"_links":{"self":[{"href":"https:\/\/medialur.com\/index.php?rest_route=\/wp\/v2\/posts\/87890","targetHints":{"allow":["GET"]}}],"collection":[{"href":"https:\/\/medialur.com\/index.php?rest_route=\/wp\/v2\/posts"}],"about":[{"href":"https:\/\/medialur.com\/index.php?rest_route=\/wp\/v2\/types\/post"}],"author":[{"embeddable":true,"href":"https:\/\/medialur.com\/index.php?rest_route=\/wp\/v2\/users\/6"}],"replies":[{"embeddable":true,"href":"https:\/\/medialur.com\/index.php?rest_route=%2Fwp%2Fv2%2Fcomments&post=87890"}],"version-history":[{"count":0,"href":"https:\/\/medialur.com\/index.php?rest_route=\/wp\/v2\/posts\/87890\/revisions"}],"wp:featuredmedia":[{"embeddable":true,"href":"https:\/\/medialur.com\/index.php?rest_route=\/wp\/v2\/media\/87891"}],"wp:attachment":[{"href":"https:\/\/medialur.com\/index.php?rest_route=%2Fwp%2Fv2%2Fmedia&parent=87890"}],"wp:term":[{"taxonomy":"category","embeddable":true,"href":"https:\/\/medialur.com\/index.php?rest_route=%2Fwp%2Fv2%2Fcategories&post=87890"},{"taxonomy":"post_tag","embeddable":true,"href":"https:\/\/medialur.com\/index.php?rest_route=%2Fwp%2Fv2%2Ftags&post=87890"}],"curies":[{"name":"wp","href":"https:\/\/api.w.org\/{rel}","templated":true}]}}