{"id":87868,"date":"2025-06-20T12:26:42","date_gmt":"2025-06-20T08:26:42","guid":{"rendered":"https:\/\/medialur.com\/le-retour-de-linattendu-13\/"},"modified":"2025-06-20T12:26:42","modified_gmt":"2025-06-20T08:26:42","slug":"le-retour-de-linattendu-13","status":"publish","type":"post","link":"https:\/\/medialur.com\/?p=87868","title":{"rendered":"Le Retour de l&#8217;Inattendu"},"content":{"rendered":"<p>Elle ne pensait jamais revoir son fr\u00e8re, jusqu&#8217;\u00e0 cet apr\u00e8s-midi ordinaire o\u00f9 il frappa \u00e0 sa porte. Camille vivait avec un vide silencieux laiss\u00e9 par l&#8217;absence de Thomas. Pendant vingt ans, elle avait appris \u00e0 contourner cette douleur, \u00e0 coexister avec le ressentiment qui rongeait parfois ses pens\u00e9es. Mais voil\u00e0 qu&#8217;\u00e0 cet instant, la porte s&#8217;ouvrait sur un visage familier, marqu\u00e9 par le temps et l&#8217;incertitude.<\/p>\n<p>\u00ab Salut, Camille \u00bb, dit-il, sa voix cass\u00e9e par l&#8217;\u00e9motion contenue. Leur regard se croisa, un m\u00e9lange de reconnaissance et de r\u00e9sistance. Elle sentit son c\u0153ur se serrer, envahi par une confusion de sentiments.<\/p>\n<p>\u00ab Que fais-tu ici, Thomas ? \u00bb r\u00e9pondit-elle froidement, malgr\u00e9 le tumulte qu&#8217;elle ressentait.<\/p>\n<p>Il baissa les yeux, visiblement mal \u00e0 l&#8217;aise, puis les releva avec une lueur d&#8217;espoir dans le regard. \u00ab J&#8217;ai r\u00e9fl\u00e9chi \u00e0&#8230; tout. \u00c0 ce qui s&#8217;est pass\u00e9. Je voudrais&#8230; Je voudrais qu&#8217;on parle, si tu es d&#8217;accord. \u00bb<\/p>\n<p>Camille h\u00e9sita. Les souvenirs rejaillirent, ceux de leur derni\u00e8re dispute qui avait scell\u00e9 leur \u00e9loignement. Une querelle futile qui avait d\u00e9g\u00e9n\u00e9r\u00e9, creusant un foss\u00e9 sous lequel couvaient les non-dits et les blessures pass\u00e9es. Elle prit une profonde inspiration, sa d\u00e9termination vacillant face \u00e0 l&#8217;incertitude de cette rencontre.<\/p>\n<p>\u00ab Je ne sais pas, Thomas&#8230; Tu es parti sans un mot. Tu m&#8217;as laiss\u00e9e&#8230; seule \u00bb, r\u00e9pondit-elle, sa voix trahissant une vieille douleur.<\/p>\n<p>Thomas hocha la t\u00eate, le visage assombri par le regret. \u00ab Je sais. Et je suis d\u00e9sol\u00e9. J&#8217;\u00e9tais jeune et stupide. Mais je voudrais essayer de r\u00e9parer \u00e7a, si tu me le permets. \u00bb<\/p>\n<p>Ils rest\u00e8rent l\u00e0, \u00e0 se jauger, deux figures fig\u00e9es dans un moment qui pouvait tout changer. Le silence fut bris\u00e9 par le bruit du vent dans les arbres, le m\u00eame vent qui jouait jadis dans leurs cheveux lors de leurs jeux d&#8217;enfance.<\/p>\n<p>\u00ab Peut-\u00eatre que&#8230; \u00bb dit Camille d&#8217;une voix tremblante, \u00ab Peut-\u00eatre que nous pourrions aller boire un caf\u00e9 et discuter. \u00bb<\/p>\n<p>Thomas esquissa un sourire timide, reconnaissant. \u00ab Oui, j&#8217;aimerais \u00e7a. \u00bb<\/p>\n<p>Ils s&#8217;\u00e9loign\u00e8rent ensemble, un pas maladroit vers un futur incertain. Le chemin serait long, parsem\u00e9 d&#8217;obstacles et de mots \u00e0 prononcer. Mais c&#8217;\u00e9tait un d\u00e9but, une porte entrouverte vers une possible r\u00e9conciliation.<\/p>\n<p>Le pass\u00e9 restait pr\u00e9sent, comme un spectre, mais la possibilit\u00e9 de tisser quelque chose de nouveau naissait dans ce simple geste de marcher c\u00f4te \u00e0 c\u00f4te.<\/p>\n<p>Camille n&#8217;\u00e9tait pas pr\u00eate \u00e0 tout pardonner. Pas encore. Mais elle savait que cet apr\u00e8s-midi pourrait marquer le commencement d&#8217;une nouvelle compr\u00e9hension. Peut-\u00eatre qu&#8217;un jour, le pardon viendrait. Pour l&#8217;instant, elle se contentait de cet instant, o\u00f9 la promesse d&#8217;un autre type de relation laissait entrevoir un avenir diff\u00e9rent.<\/p>\n<p>Et peut-\u00eatre que, sous le soleil d\u00e9clinant, ils trouveraient un terrain d&#8217;entente, entre les ombres du pass\u00e9 et les promesses de demain.<\/p>\n","protected":false},"excerpt":{"rendered":"<p>Elle ne pensait jamais revoir son fr\u00e8re, jusqu&#8217;\u00e0 cet apr\u00e8s-midi ordinaire o\u00f9 il frappa \u00e0 sa porte. Camille vivait avec un vide silencieux laiss\u00e9 par l&#8217;absence de Thomas. Pendant vingt ans, elle avait appris \u00e0 contourner cette douleur, \u00e0 coexister avec le ressentiment qui rongeait parfois ses pens\u00e9es. Mais voil\u00e0 qu&#8217;\u00e0 cet instant, la porte &#8230; <a title=\"Le Retour de l&#8217;Inattendu\" class=\"read-more\" href=\"https:\/\/medialur.com\/?p=87868\" aria-label=\"Read more about Le Retour de l&#8217;Inattendu\">Read more<\/a><\/p>\n","protected":false},"author":7,"featured_media":87869,"comment_status":"","ping_status":"","sticky":false,"template":"","format":"standard","meta":{"footnotes":""},"categories":[1],"tags":[],"class_list":["post-87868","post","type-post","status-publish","format-standard","has-post-thumbnail","hentry","category-uncategorized"],"views":116,"_links":{"self":[{"href":"https:\/\/medialur.com\/index.php?rest_route=\/wp\/v2\/posts\/87868","targetHints":{"allow":["GET"]}}],"collection":[{"href":"https:\/\/medialur.com\/index.php?rest_route=\/wp\/v2\/posts"}],"about":[{"href":"https:\/\/medialur.com\/index.php?rest_route=\/wp\/v2\/types\/post"}],"author":[{"embeddable":true,"href":"https:\/\/medialur.com\/index.php?rest_route=\/wp\/v2\/users\/7"}],"replies":[{"embeddable":true,"href":"https:\/\/medialur.com\/index.php?rest_route=%2Fwp%2Fv2%2Fcomments&post=87868"}],"version-history":[{"count":0,"href":"https:\/\/medialur.com\/index.php?rest_route=\/wp\/v2\/posts\/87868\/revisions"}],"wp:featuredmedia":[{"embeddable":true,"href":"https:\/\/medialur.com\/index.php?rest_route=\/wp\/v2\/media\/87869"}],"wp:attachment":[{"href":"https:\/\/medialur.com\/index.php?rest_route=%2Fwp%2Fv2%2Fmedia&parent=87868"}],"wp:term":[{"taxonomy":"category","embeddable":true,"href":"https:\/\/medialur.com\/index.php?rest_route=%2Fwp%2Fv2%2Fcategories&post=87868"},{"taxonomy":"post_tag","embeddable":true,"href":"https:\/\/medialur.com\/index.php?rest_route=%2Fwp%2Fv2%2Ftags&post=87868"}],"curies":[{"name":"wp","href":"https:\/\/api.w.org\/{rel}","templated":true}]}}