{"id":87866,"date":"2025-06-20T12:26:04","date_gmt":"2025-06-20T08:26:04","guid":{"rendered":"https:\/\/medialur.com\/le-retour-dun-etranger-2\/"},"modified":"2025-06-20T12:26:04","modified_gmt":"2025-06-20T08:26:04","slug":"le-retour-dun-etranger-2","status":"publish","type":"post","link":"https:\/\/medialur.com\/?p=87866","title":{"rendered":"Le Retour d&#8217;un \u00c9tranger"},"content":{"rendered":"<p>Elle n&#8217;aurait jamais pens\u00e9 revoir son fr\u00e8re, pas apr\u00e8s tout ce temps. Un matin ordinaire, alors qu&#8217;elle pr\u00e9parait son caf\u00e9, un message inattendu est apparu sur son t\u00e9l\u00e9phone : &#8216;Peux-tu me rencontrer ?&#8217;. Le choc du retour de cet \u00e9tranger, autrefois si proche, fit na\u00eetre en elle une temp\u00eate d&#8217;\u00e9motions.<\/p>\n<p>Claire regarda une nouvelle fois le message, son c\u0153ur battant plus vite \u00e0 chaque lecture. Vincent, son fr\u00e8re qu&#8217;elle n&#8217;avait pas vu depuis vingt ans, voulait la revoir. Comment r\u00e9agir face \u00e0 celui qui, un jour, avait disparu sans un mot ? Elle se souvenait encore de cette derni\u00e8re dispute, des mots durs \u00e9chang\u00e9s et de la porte qui claqua. Depuis, elle avait v\u00e9cu avec un m\u00e9lange d&#8217;amertume et de chagrin, se demandant souvent ce qu&#8217;il \u00e9tait devenu.<\/p>\n<p>Le jour de la rencontre, Claire se rendit nerveusement au caf\u00e9 d\u00e9sign\u00e9. \u00c0 travers la foule, elle l&#8217;aper\u00e7ut. Vincent avait chang\u00e9 ; l&#8217;homme devant elle \u00e9tait plus \u00e2g\u00e9, son visage marqu\u00e9 par le temps et peut-\u00eatre le remords. Leurs regards se crois\u00e8rent, et le silence pesa quelques instants avant qu&#8217;il ne s&#8217;avance.<\/p>\n<p>\u00ab Claire&#8230; \u00bb, commen\u00e7a-t-il, h\u00e9sitant.<\/p>\n<p>\u00ab Pourquoi maintenant ? \u00bb, r\u00e9pliqua-t-elle, la voix tremblante.<\/p>\n<p>Vincent h\u00e9sita, puis se lan\u00e7a : \u00ab J&#8217;avais besoin de temps pour comprendre certaines choses, pour me recentrer, mais tu m&#8217;as manqu\u00e9 chaque jour. \u00bb<\/p>\n<p>Leurs \u00e9changes furent ponctu\u00e9s de silences lourds, chacun pesant les mots \u00e0 dire, parcourant les souvenirs douloureux. Claire se souvint des fois o\u00f9 elle avait voulu l&#8217;appeler, des anniversaires manqu\u00e9s, et de l&#8217;absence ressentie lors des moments importants de sa vie.<\/p>\n<p>\u00ab Tu as laiss\u00e9 un vide, Vincent. Je ne savais pas comment le combler. \u00bb, avoua-t-elle, les larmes aux yeux.<\/p>\n<p>Vincent baissa la t\u00eate, visiblement en proie \u00e0 ses propres regrets : \u00ab J&#8217;\u00e9tais \u00e9go\u00efste, et je m&#8217;en veux. Je ne te demande pas de me pardonner, mais de me laisser une chance de te montrer que j&#8217;ai chang\u00e9. \u00bb<\/p>\n<p>La conversation sembla durer une \u00e9ternit\u00e9, chaque mot pesant comme une plume et un plomb \u00e0 la fois. Finalement, apr\u00e8s ce qui semblait \u00eatre un interminable d\u00e9luge d&#8217;\u00e9motions, Claire soupira profond\u00e9ment. Elle savait que le pardon ne serait pas facile, mais aussi que le poids de la ranc\u0153ur \u00e9tait encore plus lourd \u00e0 porter.<\/p>\n<p>\u00ab Je ne sais pas si je peux te pardonner tout de suite, mais je veux essayer de comprendre. Peut-\u00eatre qu&#8217;avec du temps&#8230; \u00bb<\/p>\n<p>Leurs regards s&#8217;accroch\u00e8rent, et pour la premi\u00e8re fois, Claire vit dans les yeux de son fr\u00e8re une lueur d&#8217;espoir. Lentement, elle tendit la main, et il la saisit, chancelant entre le pass\u00e9 et le possible nouvel avenir qu&#8217;ils pouvaient construire.<\/p>\n<p>L&#8217;espoir d&#8217;une r\u00e9conciliation n&#8217;\u00e9tait pas une promesse de bonheur imm\u00e9diat, mais c&#8217;\u00e9tait un d\u00e9but, et c&#8217;\u00e9tait d\u00e9j\u00e0 beaucoup.<\/p>\n<p>Leur histoire reprenait, lentement, feuille apr\u00e8s feuille, sous le regard bienveillant d&#8217;un avenir incertain mais partag\u00e9.<\/p>\n","protected":false},"excerpt":{"rendered":"<p>Elle n&#8217;aurait jamais pens\u00e9 revoir son fr\u00e8re, pas apr\u00e8s tout ce temps. Un matin ordinaire, alors qu&#8217;elle pr\u00e9parait son caf\u00e9, un message inattendu est apparu sur son t\u00e9l\u00e9phone : &#8216;Peux-tu me rencontrer ?&#8217;. Le choc du retour de cet \u00e9tranger, autrefois si proche, fit na\u00eetre en elle une temp\u00eate d&#8217;\u00e9motions. Claire regarda une nouvelle fois &#8230; <a title=\"Le Retour d&#8217;un \u00c9tranger\" class=\"read-more\" href=\"https:\/\/medialur.com\/?p=87866\" aria-label=\"Read more about Le Retour d&#8217;un \u00c9tranger\">Read more<\/a><\/p>\n","protected":false},"author":13,"featured_media":87867,"comment_status":"","ping_status":"","sticky":false,"template":"","format":"standard","meta":{"footnotes":""},"categories":[1],"tags":[],"class_list":["post-87866","post","type-post","status-publish","format-standard","has-post-thumbnail","hentry","category-uncategorized"],"views":95,"_links":{"self":[{"href":"https:\/\/medialur.com\/index.php?rest_route=\/wp\/v2\/posts\/87866","targetHints":{"allow":["GET"]}}],"collection":[{"href":"https:\/\/medialur.com\/index.php?rest_route=\/wp\/v2\/posts"}],"about":[{"href":"https:\/\/medialur.com\/index.php?rest_route=\/wp\/v2\/types\/post"}],"author":[{"embeddable":true,"href":"https:\/\/medialur.com\/index.php?rest_route=\/wp\/v2\/users\/13"}],"replies":[{"embeddable":true,"href":"https:\/\/medialur.com\/index.php?rest_route=%2Fwp%2Fv2%2Fcomments&post=87866"}],"version-history":[{"count":0,"href":"https:\/\/medialur.com\/index.php?rest_route=\/wp\/v2\/posts\/87866\/revisions"}],"wp:featuredmedia":[{"embeddable":true,"href":"https:\/\/medialur.com\/index.php?rest_route=\/wp\/v2\/media\/87867"}],"wp:attachment":[{"href":"https:\/\/medialur.com\/index.php?rest_route=%2Fwp%2Fv2%2Fmedia&parent=87866"}],"wp:term":[{"taxonomy":"category","embeddable":true,"href":"https:\/\/medialur.com\/index.php?rest_route=%2Fwp%2Fv2%2Fcategories&post=87866"},{"taxonomy":"post_tag","embeddable":true,"href":"https:\/\/medialur.com\/index.php?rest_route=%2Fwp%2Fv2%2Ftags&post=87866"}],"curies":[{"name":"wp","href":"https:\/\/api.w.org\/{rel}","templated":true}]}}