{"id":87856,"date":"2025-06-20T12:20:32","date_gmt":"2025-06-20T08:20:32","guid":{"rendered":"https:\/\/medialur.com\/les-maillons-de-lattachement-quand-la-famille-dit-non\/"},"modified":"2025-06-20T12:20:32","modified_gmt":"2025-06-20T08:20:32","slug":"les-maillons-de-lattachement-quand-la-famille-dit-non","status":"publish","type":"post","link":"https:\/\/medialur.com\/?p=87856","title":{"rendered":"Les Maillons de l&#8217;Attachement: Quand la Famille Dit Non"},"content":{"rendered":"<p>Tout a commenc\u00e9 par une exigence des plus absurdes : \u00e9liminer le seul week-end o\u00f9 nous pouvions enfin souffler et partir en vacances, simplement parce que Belle-Maman Annick avait d\u00e9cid\u00e9 qu&#8217;elle voulait organiser un d\u00e9jeuner familial impromptu. Le ton \u00e9tait donn\u00e9. &#8220;Vous savez, la famille c&#8217;est ce qui compte le plus,&#8221; r\u00e9p\u00e9ta-t-elle avec un sourire qui ne laissait aucune place \u00e0 la discussion. Sous la table, les poings de Sophie se crispaient, tandis que Marc, son mari, esquissait un sourire contraint.<\/p>\n<p>Depuis le d\u00e9but de leur mariage, Annick s&#8217;immis\u00e7ait dans la vie de Sophie et Marc d&#8217;une mani\u00e8re que peu de gens auraient tol\u00e9r\u00e9e. Que ce soit pour donner son avis sur la d\u00e9coration de leur maison ou pour critiquer les choix \u00e9ducatifs qu&#8217;ils faisaient pour leurs enfants, son emprise devenait de plus en plus oppressante. Et Sophie, patiente par nature, se sentait chaque jour davantage prise au pi\u00e8ge.<\/p>\n<p>En fin d&#8217;apr\u00e8s-midi, apr\u00e8s l&#8217;appel d&#8217;Annick, Sophie et Marc se retrouv\u00e8rent dans la cuisine, le c\u0153ur lourd. &#8220;On ne peut pas continuer comme \u00e7a,&#8221; soupira-t-elle, les larmes aux yeux. &#8220;J&#8217;en ai assez de devoir faire passer ses d\u00e9sirs avant notre bonheur.&#8221;<\/p>\n<p>Marc savait qu&#8217;un choix difficile s&#8217;imposait. &#8220;Peut-\u00eatre qu&#8217;il est temps de mettre des limites,&#8221; dit-il d&#8217;une voix ferme, plus pour se convaincre que pour convaincre Sophie. &#8220;Nous devons lui parler.&#8221;<\/p>\n<p>Le lendemain, la confrontation tant redout\u00e9e eut lieu dans le salon, un espace qu&#8217;Annick avait toujours consid\u00e9r\u00e9 comme le sien. &#8220;Pourquoi ne comprenez-vous pas que je veux simplement le meilleur pour vous?&#8221; articula Annick, visiblement vex\u00e9e par l&#8217;initiative de son fils.<\/p>\n<p>Sophie prit la parole, sa voix tremblant autant de col\u00e8re que de peur. &#8220;Nous appr\u00e9cions votre aide, mais ce sont nos vies, Annick. Nous avons besoin d&#8217;espace pour grandir par nous-m\u00eames.&#8221; Annick, habitu\u00e9e \u00e0 recevoir des excuses, \u00e9tait d\u00e9concert\u00e9e par cette r\u00e9bellion inattendue.<\/p>\n<p>Marc ajouta avec douceur mais fermet\u00e9 : &#8220;Nous vous aimons, mais nous avons besoin de respirer. Pour nous, pour les enfants. Nous ne pouvons pas annuler notre week-end. C&#8217;est important pour nous.&#8221;<\/p>\n<p>Un silence tendu suivit la d\u00e9claration de Marc. Annick, face \u00e0 l&#8217;\u00e9vidence, comprit enfin que son autorit\u00e9 ne serait plus la m\u00eame. Elle se leva, le visage renfrogn\u00e9, mais sans r\u00e9plique. La d\u00e9cision \u00e9tait prise.<\/p>\n<p>Le week-end arriva avec une l\u00e9g\u00e8ret\u00e9 nouvelle. Le d\u00e9part en vacances fut un soulagement tangible, un symbole de la libert\u00e9 retrouv\u00e9e. Sophie et Marc, main dans la main, r\u00e9alisaient qu&#8217;ils avaient fait ce qu&#8217;il fallait pour leur famille.<\/p>\n<p>En avant, la route \u00e9tait bord\u00e9e de promesses de jours meilleurs, de nouvelles traditions \u00e0 cr\u00e9er, loin des cha\u00eenes invisibles mais pesantes de leur asservissement pass\u00e9.<\/p>\n","protected":false},"excerpt":{"rendered":"<p>Tout a commenc\u00e9 par une exigence des plus absurdes : \u00e9liminer le seul week-end o\u00f9 nous pouvions enfin souffler et partir en vacances, simplement parce que Belle-Maman Annick avait d\u00e9cid\u00e9 qu&#8217;elle voulait organiser un d\u00e9jeuner familial impromptu. Le ton \u00e9tait donn\u00e9. &#8220;Vous savez, la famille c&#8217;est ce qui compte le plus,&#8221; r\u00e9p\u00e9ta-t-elle avec un sourire &#8230; <a title=\"Les Maillons de l&#8217;Attachement: Quand la Famille Dit Non\" class=\"read-more\" href=\"https:\/\/medialur.com\/?p=87856\" aria-label=\"Read more about Les Maillons de l&#8217;Attachement: Quand la Famille Dit Non\">Read more<\/a><\/p>\n","protected":false},"author":9,"featured_media":87857,"comment_status":"","ping_status":"","sticky":false,"template":"","format":"standard","meta":{"footnotes":""},"categories":[1],"tags":[],"class_list":["post-87856","post","type-post","status-publish","format-standard","has-post-thumbnail","hentry","category-uncategorized"],"views":200,"_links":{"self":[{"href":"https:\/\/medialur.com\/index.php?rest_route=\/wp\/v2\/posts\/87856","targetHints":{"allow":["GET"]}}],"collection":[{"href":"https:\/\/medialur.com\/index.php?rest_route=\/wp\/v2\/posts"}],"about":[{"href":"https:\/\/medialur.com\/index.php?rest_route=\/wp\/v2\/types\/post"}],"author":[{"embeddable":true,"href":"https:\/\/medialur.com\/index.php?rest_route=\/wp\/v2\/users\/9"}],"replies":[{"embeddable":true,"href":"https:\/\/medialur.com\/index.php?rest_route=%2Fwp%2Fv2%2Fcomments&post=87856"}],"version-history":[{"count":0,"href":"https:\/\/medialur.com\/index.php?rest_route=\/wp\/v2\/posts\/87856\/revisions"}],"wp:featuredmedia":[{"embeddable":true,"href":"https:\/\/medialur.com\/index.php?rest_route=\/wp\/v2\/media\/87857"}],"wp:attachment":[{"href":"https:\/\/medialur.com\/index.php?rest_route=%2Fwp%2Fv2%2Fmedia&parent=87856"}],"wp:term":[{"taxonomy":"category","embeddable":true,"href":"https:\/\/medialur.com\/index.php?rest_route=%2Fwp%2Fv2%2Fcategories&post=87856"},{"taxonomy":"post_tag","embeddable":true,"href":"https:\/\/medialur.com\/index.php?rest_route=%2Fwp%2Fv2%2Ftags&post=87856"}],"curies":[{"name":"wp","href":"https:\/\/api.w.org\/{rel}","templated":true}]}}