{"id":87848,"date":"2025-06-20T12:15:52","date_gmt":"2025-06-20T08:15:52","guid":{"rendered":"https:\/\/medialur.com\/les-ombres-de-lambition\/"},"modified":"2025-06-20T12:15:52","modified_gmt":"2025-06-20T08:15:52","slug":"les-ombres-de-lambition","status":"publish","type":"post","link":"https:\/\/medialur.com\/?p=87848","title":{"rendered":"Les Ombres de l&#8217;Ambition"},"content":{"rendered":"<p>Depuis qu&#8217;elle avait d\u00e9croch\u00e9 le contrat de ses r\u00eaves, Camille ne vivait plus que pour le travail. Chaque matin, elle quittait son appartement avant l&#8217;aube, laissant derri\u00e8re elle un petit-d\u00e9jeuner intact et une photo de famille sur la table, comme un souvenir d&#8217;une vie qui lui \u00e9chappait. Sa carri\u00e8re de designer avait pris un tournant spectaculaire; son nom \u00e9tait sur toutes les l\u00e8vres, et les opportunit\u00e9s affluaient. Mais plus elle se lan\u00e7ait \u00e0 corps perdu dans cette ascension fulgurante, plus l&#8217;ombre de son absence s&#8217;\u00e9tendait sur sa famille. <\/p>\n<p>Un soir, alors qu&#8217;elle \u00e9tait plong\u00e9e dans ses croquis pour une pr\u00e9sentation cruciale, Maxime, son mari, entra dans le bureau. \u00ab Camille, on dirait que tu habites ici maintenant. Emma a demand\u00e9 pourquoi tu n&#8217;\u00e9tais plus jamais l\u00e0 pour le d\u00eener. \u00bb La voix de Maxime \u00e9tait douce, mais son regard trahissait une tristesse r\u00e9sign\u00e9e. Camille leva \u00e0 peine les yeux. \u00ab Je suis d\u00e9sol\u00e9e, Max, mais tu sais ce que cela repr\u00e9sente pour ma carri\u00e8re. C&#8217;est important. \u00bb Il soupira, une fatigue \u00e9motive alourdissant ses \u00e9paules. \u00ab Et nous, Camille, sommes-nous encore importants? \u00bb<\/p>\n<p>Les semaines pass\u00e8rent, et malgr\u00e9 les promesses de Camille de faire plus attention, elle se retrouva pi\u00e9g\u00e9e dans une spirale de travail sans fin. La tension \u00e0 la maison \u00e9tait palpable, chaque moment pass\u00e9 avec sa famille devenait une \u00e9preuve de plus en plus rare et pr\u00e9cieuse. Puis vint le jour o\u00f9 un projet d\u00e9cisif co\u00efncida avec le spectacle de fin d&#8217;ann\u00e9e d&#8217;Emma. Camille se retrouva face \u00e0 un dilemme cruel : honorer son engagement professionnel ou \u00eatre pr\u00e9sente pour sa fille.<\/p>\n<p>Dans un geste d\u00e9sesp\u00e9r\u00e9 de concilier les deux, elle fit le choix de travailler jusqu&#8217;\u00e0 la derni\u00e8re minute, esp\u00e9rant rattraper le temps pour l&#8217;\u00e9v\u00e9nement d&#8217;Emma. Mais alors qu&#8217;elle courait \u00e0 travers la ville, prise dans un embouteillage, elle r\u00e9alisa avec horreur que le temps lui \u00e9chappait. Lorsqu&#8217;elle arriva enfin, le spectacle \u00e9tait termin\u00e9. Emma, debout sur le trottoir, \u00e9vitait de croiser le regard de sa m\u00e8re. \u00ab Maman, tu as rat\u00e9 \u00e7a \u00bb, dit-elle simplement, la d\u00e9ception brisant sa petite voix. <\/p>\n<p>Camille comprit alors que tout le succ\u00e8s du monde ne valait rien sans ceux qu&#8217;on aime. Elle prit Emma dans ses bras, promettant de ne plus jamais laisser son ambition la priver de moments si pr\u00e9cieux. Cette nuit-l\u00e0, alors qu&#8217;elle tenait Emma endormie contre elle, Camille d\u00e9cida de r\u00e9\u00e9valuer ses priorit\u00e9s, cherchant un \u00e9quilibre entre ses r\u00eaves personnels et sa vie familiale.<\/p>\n<p>Mais pour d&#8217;autres, la route vers la r\u00e9demption arrive parfois trop tard, laissant dans son sillage regrets et solitude. Camille allait-elle r\u00e9ussir \u00e0 r\u00e9parer ce qui avait \u00e9t\u00e9 fissur\u00e9 ?<\/p>\n<p>Quelque part, l&#8217;ombre de l&#8217;ambition continuait de r\u00f4der, mais d\u00e9sormais, elle savait o\u00f9 se trouvait la vraie lumi\u00e8re.<\/p>\n","protected":false},"excerpt":{"rendered":"<p>Depuis qu&#8217;elle avait d\u00e9croch\u00e9 le contrat de ses r\u00eaves, Camille ne vivait plus que pour le travail. Chaque matin, elle quittait son appartement avant l&#8217;aube, laissant derri\u00e8re elle un petit-d\u00e9jeuner intact et une photo de famille sur la table, comme un souvenir d&#8217;une vie qui lui \u00e9chappait. Sa carri\u00e8re de designer avait pris un tournant &#8230; <a title=\"Les Ombres de l&#8217;Ambition\" class=\"read-more\" href=\"https:\/\/medialur.com\/?p=87848\" aria-label=\"Read more about Les Ombres de l&#8217;Ambition\">Read more<\/a><\/p>\n","protected":false},"author":13,"featured_media":87849,"comment_status":"","ping_status":"","sticky":false,"template":"","format":"standard","meta":{"footnotes":""},"categories":[1],"tags":[],"class_list":["post-87848","post","type-post","status-publish","format-standard","has-post-thumbnail","hentry","category-uncategorized"],"views":118,"_links":{"self":[{"href":"https:\/\/medialur.com\/index.php?rest_route=\/wp\/v2\/posts\/87848","targetHints":{"allow":["GET"]}}],"collection":[{"href":"https:\/\/medialur.com\/index.php?rest_route=\/wp\/v2\/posts"}],"about":[{"href":"https:\/\/medialur.com\/index.php?rest_route=\/wp\/v2\/types\/post"}],"author":[{"embeddable":true,"href":"https:\/\/medialur.com\/index.php?rest_route=\/wp\/v2\/users\/13"}],"replies":[{"embeddable":true,"href":"https:\/\/medialur.com\/index.php?rest_route=%2Fwp%2Fv2%2Fcomments&post=87848"}],"version-history":[{"count":0,"href":"https:\/\/medialur.com\/index.php?rest_route=\/wp\/v2\/posts\/87848\/revisions"}],"wp:featuredmedia":[{"embeddable":true,"href":"https:\/\/medialur.com\/index.php?rest_route=\/wp\/v2\/media\/87849"}],"wp:attachment":[{"href":"https:\/\/medialur.com\/index.php?rest_route=%2Fwp%2Fv2%2Fmedia&parent=87848"}],"wp:term":[{"taxonomy":"category","embeddable":true,"href":"https:\/\/medialur.com\/index.php?rest_route=%2Fwp%2Fv2%2Fcategories&post=87848"},{"taxonomy":"post_tag","embeddable":true,"href":"https:\/\/medialur.com\/index.php?rest_route=%2Fwp%2Fv2%2Ftags&post=87848"}],"curies":[{"name":"wp","href":"https:\/\/api.w.org\/{rel}","templated":true}]}}