{"id":87846,"date":"2025-06-20T12:15:01","date_gmt":"2025-06-20T08:15:01","guid":{"rendered":"https:\/\/medialur.com\/le-poids-de-la-belle-mere-le-jour-ou-nous-avons-repris-notre-vie\/"},"modified":"2025-06-20T12:15:01","modified_gmt":"2025-06-20T08:15:01","slug":"le-poids-de-la-belle-mere-le-jour-ou-nous-avons-repris-notre-vie","status":"publish","type":"post","link":"https:\/\/medialur.com\/?p=87846","title":{"rendered":"Le Poids de la Belle-M\u00e8re : Le Jour o\u00f9 Nous Avons Repris Notre Vie"},"content":{"rendered":"<p>Tout a bascul\u00e9 le jour o\u00f9 Maman a d\u00e9cid\u00e9 que notre voyage annuel serait annul\u00e9, sans m\u00eame nous consulter. C&#8217;\u00e9tait la derni\u00e8re goutte qui faisait d\u00e9border le vase de nos frustrations silencieuses. Depuis des ann\u00e9es, nous avions endur\u00e9 ses exigences sans fin, ses conseils non sollicit\u00e9s, et ses d\u00e9cisions arbitraires qui venaient perturber notre vie de famille. Pourtant, cette fois-ci, son ing\u00e9rence \u00e9tait vraiment inacceptable.<\/p>\n<p>Assis autour de la table de la salle \u00e0 manger, mes mains serr\u00e9es sous la table, je pouvais sentir la tension palpable entre ma femme, Jeanne, et moi. Les sourires forc\u00e9s masquaient \u00e0 peine notre irritation tandis que Maman continuait de parler de la n\u00e9cessit\u00e9 de ne pas partir en vacances car &#8220;la famille devait rester ensemble pour les f\u00eates&#8221;. <\/p>\n<p>&#8220;Vous comprenez bien que No\u00ebl est une p\u00e9riode familiale,&#8221; disait-elle avec un sourire suffisant, ses yeux passant de moi \u00e0 Jeanne. &#8220;Il serait \u00e9go\u00efste de votre part de partir, surtout avec les enfants.&#8221;<\/p>\n<p>Jeanne, d&#8217;une voix trop douce pour cacher son agacement, r\u00e9pondit : &#8220;Oui, mais les enfants avaient vraiment h\u00e2te de ce voyage depuis des mois. Et nous avions d\u00e9j\u00e0 tout organis\u00e9.&#8221;<\/p>\n<p>Maman fron\u00e7a les sourcils. &#8220;C&#8217;est une tradition familiale. Il est important de respecter cela.&#8221;<\/p>\n<p>Les mots &#8220;tradition familiale&#8221; r\u00e9sonnaient dans l&#8217;air comme un verdict irr\u00e9vocable, une phrase qui nous liait immuablement \u00e0 ses d\u00e9sirs. Je sentis la col\u00e8re monter en moi. Pourquoi notre vie devait-elle \u00eatre dict\u00e9e par ses caprices ? Pourquoi nos enfants devaient-ils \u00eatre priv\u00e9s de ce qu&#8217;ils attendaient avec impatience ?<\/p>\n<p>La confrontation tant retard\u00e9e arriva finalement. Un soir, alors que les enfants jouaient dehors, Jeanne et moi avons trouv\u00e9 le courage de parler franchement.<\/p>\n<p>&#8220;\u00c9coute, Maman,&#8221; ai-je dit, inspirant profond\u00e9ment pour garder mon calme. &#8220;Nous avons besoin de prendre nos propres d\u00e9cisions. Ce voyage est important pour nous et pour les enfants.&#8221;<\/p>\n<p>Elle posa sa tasse de th\u00e9 avec un cliquetis sec. &#8220;Je pense que vous faites une grosse erreur.&#8221;<\/p>\n<p>Jeanne prit ma main, sa voix tremblante mais d\u00e9termin\u00e9e. &#8220;Nous savons que tu veux le meilleur pour notre famille, mais nous avons besoin de cet espace pour nous construire, \u00e0 notre mani\u00e8re.&#8221;<\/p>\n<p>Le silence qui suivit fut pesant, mais c&#8217;\u00e9tait aussi un silence lib\u00e9rateur. Pour la premi\u00e8re fois, nous avions trac\u00e9 une ligne claire. <\/p>\n<p>Maman se leva lentement, sa fiert\u00e9 bless\u00e9e visible dans son regard. &#8220;Tr\u00e8s bien,&#8221; dit-elle finalement, la voix pleine de ressentiment. &#8220;Mais ne venez pas pleurer si les choses ne se passent pas comme pr\u00e9vu.&#8221;<\/p>\n<p>Cette nuit-l\u00e0, pour la premi\u00e8re fois depuis longtemps, Jeanne et moi nous sommes endormis avec le sentiment d&#8217;avoir finalement pris le contr\u00f4le de notre vie. Oui, les relations seraient tendues pendant un certain temps, mais nous avions fait ce qui \u00e9tait juste pour notre famille.<\/p>\n<p>Nous \u00e9tions enfin ind\u00e9pendants.<\/p>\n","protected":false},"excerpt":{"rendered":"<p>Tout a bascul\u00e9 le jour o\u00f9 Maman a d\u00e9cid\u00e9 que notre voyage annuel serait annul\u00e9, sans m\u00eame nous consulter. C&#8217;\u00e9tait la derni\u00e8re goutte qui faisait d\u00e9border le vase de nos frustrations silencieuses. Depuis des ann\u00e9es, nous avions endur\u00e9 ses exigences sans fin, ses conseils non sollicit\u00e9s, et ses d\u00e9cisions arbitraires qui venaient perturber notre vie &#8230; <a title=\"Le Poids de la Belle-M\u00e8re : Le Jour o\u00f9 Nous Avons Repris Notre Vie\" class=\"read-more\" href=\"https:\/\/medialur.com\/?p=87846\" aria-label=\"Read more about Le Poids de la Belle-M\u00e8re : Le Jour o\u00f9 Nous Avons Repris Notre Vie\">Read more<\/a><\/p>\n","protected":false},"author":13,"featured_media":87847,"comment_status":"","ping_status":"","sticky":false,"template":"","format":"standard","meta":{"footnotes":""},"categories":[1],"tags":[],"class_list":["post-87846","post","type-post","status-publish","format-standard","has-post-thumbnail","hentry","category-uncategorized"],"views":99,"_links":{"self":[{"href":"https:\/\/medialur.com\/index.php?rest_route=\/wp\/v2\/posts\/87846","targetHints":{"allow":["GET"]}}],"collection":[{"href":"https:\/\/medialur.com\/index.php?rest_route=\/wp\/v2\/posts"}],"about":[{"href":"https:\/\/medialur.com\/index.php?rest_route=\/wp\/v2\/types\/post"}],"author":[{"embeddable":true,"href":"https:\/\/medialur.com\/index.php?rest_route=\/wp\/v2\/users\/13"}],"replies":[{"embeddable":true,"href":"https:\/\/medialur.com\/index.php?rest_route=%2Fwp%2Fv2%2Fcomments&post=87846"}],"version-history":[{"count":0,"href":"https:\/\/medialur.com\/index.php?rest_route=\/wp\/v2\/posts\/87846\/revisions"}],"wp:featuredmedia":[{"embeddable":true,"href":"https:\/\/medialur.com\/index.php?rest_route=\/wp\/v2\/media\/87847"}],"wp:attachment":[{"href":"https:\/\/medialur.com\/index.php?rest_route=%2Fwp%2Fv2%2Fmedia&parent=87846"}],"wp:term":[{"taxonomy":"category","embeddable":true,"href":"https:\/\/medialur.com\/index.php?rest_route=%2Fwp%2Fv2%2Fcategories&post=87846"},{"taxonomy":"post_tag","embeddable":true,"href":"https:\/\/medialur.com\/index.php?rest_route=%2Fwp%2Fv2%2Ftags&post=87846"}],"curies":[{"name":"wp","href":"https:\/\/api.w.org\/{rel}","templated":true}]}}