{"id":87844,"date":"2025-06-20T12:14:03","date_gmt":"2025-06-20T08:14:03","guid":{"rendered":"https:\/\/medialur.com\/le-retour-inattendu-38\/"},"modified":"2025-06-20T12:14:03","modified_gmt":"2025-06-20T08:14:03","slug":"le-retour-inattendu-38","status":"publish","type":"post","link":"https:\/\/medialur.com\/?p=87844","title":{"rendered":"Le Retour Inattendu"},"content":{"rendered":"<p>Elle n&#8217;avait jamais pens\u00e9 revoir sa s\u0153ur apr\u00e8s vingt ans de silence, jusqu&#8217;\u00e0 ce qu&#8217;un jeudi ordinaire se transforme en une journ\u00e9e o\u00f9 les vieilles blessures se r\u00e9ouvriraient. Camille \u00e9tait assise seule dans le petit caf\u00e9 de son quartier, entour\u00e9e par le doux murmure des conversations et l&#8217;ar\u00f4me r\u00e9confortant du caf\u00e9 fra\u00eechement moulu. Les souvenirs de la derni\u00e8re dispute avec sa s\u0153ur, \u00c9milie, tournaient encore en boucle dans son esprit, un fardeau qu&#8217;elle ne parvenait pas \u00e0 d\u00e9poser.<\/p>\n<p>Soudain, une silhouette famili\u00e8re se dessina \u00e0 l&#8217;entr\u00e9e. C&#8217;\u00e9tait \u00c9milie, regardant nerveusement autour d&#8217;elle avant de croiser les yeux de Camille. Le temps sembla ralentir alors qu&#8217;\u00c9milie s&#8217;avan\u00e7ait, ses pas h\u00e9sitants r\u00e9v\u00e9lant la lutte int\u00e9rieure qu&#8217;elle menait. &#8220;Salut, Camille,&#8221; dit-elle timidement, un sourire incertain sur les l\u00e8vres.<\/p>\n<p>Camille ressentit un m\u00e9lange d&#8217;\u00e9motions, un tourbillon de col\u00e8re, de tristesse, mais aussi de curiosit\u00e9. &#8220;\u00c9milie,&#8221; r\u00e9pondit-elle bri\u00e8vement, son ton neutre dissimulant les flammes de l&#8217;amertume. Elles s&#8217;assirent en silence, le bruit ambiant du caf\u00e9 devenant brusquement lourd de non-dits.<\/p>\n<p>Les souvenirs les plus douloureux affluaient. La derni\u00e8re fois qu&#8217;elles s&#8217;\u00e9taient vues, une dispute avait \u00e9clat\u00e9 \u00e0 propos de l&#8217;h\u00e9ritage de leur grand-m\u00e8re, et \u00c9milie \u00e9tait partie sans un mot. Pendant vingt ans, il n&#8217;y avait eu ni appels, ni lettres, juste un vide que Camille avait tent\u00e9 de remplir avec sa propre famille et sa carri\u00e8re.<\/p>\n<p>&#8220;Je sais que \u00e7a fait longtemps,&#8221; commen\u00e7a \u00c9milie, brisant enfin le silence. &#8220;Je ne sais pas par o\u00f9 commencer, mais je veux m&#8217;excuser. J&#8217;ai fait des erreurs et je suis d\u00e9sol\u00e9e de la fa\u00e7on dont les choses se sont pass\u00e9es.&#8221;<\/p>\n<p>Camille ne put s&#8217;emp\u00eacher de laisser \u00e9chapper un rire amer. &#8220;Tu es d\u00e9sol\u00e9e ? Apr\u00e8s tout ce temps ? Tu ne te doutes pas \u00e0 quel point c&#8217;\u00e9tait difficile pour moi&#8230; pour nous deux.&#8221;<\/p>\n<p>Leurs yeux se crois\u00e8rent, les tensions flottant dans l&#8217;air. &#8220;Je comprends si tu ne veux pas me pardonner,&#8221; murmura \u00c9milie. &#8220;Je suis l\u00e0 parce que je veux essayer de r\u00e9parer les choses, m\u00eame si c&#8217;est impossible.&#8221;<\/p>\n<p>Les paroles d&#8217;\u00c9milie r\u00e9sonn\u00e8rent dans le c\u0153ur de Camille. Elle se rendit compte qu&#8217;elle aspirait \u00e0 cette conversation depuis des ann\u00e9es. Mais pouvait-elle vraiment pardonner ? Les excuses suffisaient-elles \u00e0 effacer deux d\u00e9cennies de douleur ?<\/p>\n<p>La conversation continua, alternant entre souvenirs doux-amers et silences pesants. Finalement, \u00c9milie sortit une vieille photo de leur enfance, un souvenir d&#8217;une \u00e9poque o\u00f9 leur relation \u00e9tait encore pure et insouciante.<\/p>\n<p>Camille regarda la photo, un sourire nostalgique apparaissant malgr\u00e9 elle. &#8220;Peut-\u00eatre qu&#8217;on pourrait essayer,&#8221; dit-elle enfin, sa voix douce mais ferme. &#8220;Mais il faudra du temps.&#8221;<\/p>\n<p>\u00c9milie hocha la t\u00eate, reconnaissante pour cette petite ouverture. Elles quitt\u00e8rent le caf\u00e9 ensemble, un d\u00e9but fragile mais prometteur vers la r\u00e9conciliation.<\/p>\n<p>Ce jour-l\u00e0, sous le ciel d&#8217;un gris apaisant, les deux s\u0153urs trouv\u00e8rent une esquisse de paix. Elles savaient que le chemin serait long, mais la premi\u00e8re pierre avait \u00e9t\u00e9 pos\u00e9e.<\/p>\n","protected":false},"excerpt":{"rendered":"<p>Elle n&#8217;avait jamais pens\u00e9 revoir sa s\u0153ur apr\u00e8s vingt ans de silence, jusqu&#8217;\u00e0 ce qu&#8217;un jeudi ordinaire se transforme en une journ\u00e9e o\u00f9 les vieilles blessures se r\u00e9ouvriraient. Camille \u00e9tait assise seule dans le petit caf\u00e9 de son quartier, entour\u00e9e par le doux murmure des conversations et l&#8217;ar\u00f4me r\u00e9confortant du caf\u00e9 fra\u00eechement moulu. Les souvenirs &#8230; <a title=\"Le Retour Inattendu\" class=\"read-more\" href=\"https:\/\/medialur.com\/?p=87844\" aria-label=\"Read more about Le Retour Inattendu\">Read more<\/a><\/p>\n","protected":false},"author":11,"featured_media":87845,"comment_status":"","ping_status":"","sticky":false,"template":"","format":"standard","meta":{"footnotes":""},"categories":[1],"tags":[],"class_list":["post-87844","post","type-post","status-publish","format-standard","has-post-thumbnail","hentry","category-uncategorized"],"views":97,"_links":{"self":[{"href":"https:\/\/medialur.com\/index.php?rest_route=\/wp\/v2\/posts\/87844","targetHints":{"allow":["GET"]}}],"collection":[{"href":"https:\/\/medialur.com\/index.php?rest_route=\/wp\/v2\/posts"}],"about":[{"href":"https:\/\/medialur.com\/index.php?rest_route=\/wp\/v2\/types\/post"}],"author":[{"embeddable":true,"href":"https:\/\/medialur.com\/index.php?rest_route=\/wp\/v2\/users\/11"}],"replies":[{"embeddable":true,"href":"https:\/\/medialur.com\/index.php?rest_route=%2Fwp%2Fv2%2Fcomments&post=87844"}],"version-history":[{"count":0,"href":"https:\/\/medialur.com\/index.php?rest_route=\/wp\/v2\/posts\/87844\/revisions"}],"wp:featuredmedia":[{"embeddable":true,"href":"https:\/\/medialur.com\/index.php?rest_route=\/wp\/v2\/media\/87845"}],"wp:attachment":[{"href":"https:\/\/medialur.com\/index.php?rest_route=%2Fwp%2Fv2%2Fmedia&parent=87844"}],"wp:term":[{"taxonomy":"category","embeddable":true,"href":"https:\/\/medialur.com\/index.php?rest_route=%2Fwp%2Fv2%2Fcategories&post=87844"},{"taxonomy":"post_tag","embeddable":true,"href":"https:\/\/medialur.com\/index.php?rest_route=%2Fwp%2Fv2%2Ftags&post=87844"}],"curies":[{"name":"wp","href":"https:\/\/api.w.org\/{rel}","templated":true}]}}