{"id":87830,"date":"2025-06-20T12:06:40","date_gmt":"2025-06-20T08:06:40","guid":{"rendered":"https:\/\/medialur.com\/le-retour-inattendu-37\/"},"modified":"2025-06-20T12:06:40","modified_gmt":"2025-06-20T08:06:40","slug":"le-retour-inattendu-37","status":"publish","type":"post","link":"https:\/\/medialur.com\/?p=87830","title":{"rendered":"Le Retour Inattendu"},"content":{"rendered":"<p>Elle n&#8217;aurait jamais cru revoir son fr\u00e8re, jusqu&#8217;\u00e0 cet apr\u00e8s-midi ordinaire o\u00f9 son t\u00e9l\u00e9phone a sonn\u00e9, affichant un num\u00e9ro familier mais oubli\u00e9. Apr\u00e8s vingt ans de silence pesant, un simple \u00ab All\u00f4, c&#8217;est moi \u00bb d\u00e9chire le voile de son pass\u00e9 soigneusement enfoui. \u00c9milie, les mains tremblantes, prend une profonde inspiration, envahie par un m\u00e9lange d&#8217;\u00e9motions allant de l&#8217;incr\u00e9dulit\u00e9 \u00e0 la col\u00e8re. <\/p>\n<p>Assise dans son salon baign\u00e9 de la lumi\u00e8re du jour d\u00e9clinante, \u00c9milie se souvient du jour o\u00f9 David est parti, charg\u00e9 d&#8217;une valise et d&#8217;un adieu pr\u00e9cipit\u00e9. Des ann\u00e9es de questions sans r\u00e9ponse et de ressentiments accumul\u00e9s se bousculent dans son esprit. Pourquoi maintenant? Que pouvait-il bien vouloir apr\u00e8s tout ce temps?<\/p>\n<p>Quand ils se retrouvent \u00e0 la terrasse du petit caf\u00e9 o\u00f9 leurs parents les emmenaient, la tension est palpable. David l\u00e8ve les yeux, visiblement nerveux, mais un sourire h\u00e9sitant se dessine sur son visage. \u00ab Salut, \u00c9milie. \u00bb<\/p>\n<p>Elle h\u00e9site, les souvenirs d&#8217;un fr\u00e8re protecteur et complice se heurtant \u00e0 ceux d&#8217;un d\u00e9part brutal et inexpliqu\u00e9. \u00ab Pourquoi maintenant, David? \u00bb La question est \u00e0 peine plus qu&#8217;un murmure, mais elle porte le poids de toutes les ann\u00e9es d&#8217;absence.<\/p>\n<p>Il baisse la t\u00eate, jouant nerveusement avec sa tasse de caf\u00e9. \u00ab Je sais que j&#8217;ai \u00e9t\u00e9 absent, mais je&#8230; j&#8217;ai fait des erreurs. J&#8217;avais besoin de m&#8217;\u00e9loigner. Pour moi. Pour comprendre qui j&#8217;\u00e9tais. \u00bb<\/p>\n<p>\u00c9milie se redresse, ses yeux brillants de larmes contenues. \u00ab Et tu pensais que c&#8217;\u00e9tait une raison suffisante pour nous laisser, pour me laisser? \u00bb<\/p>\n<p>David croise son regard, cherchant le pardon dans les prunelles de sa s\u0153ur. \u00ab J&#8217;ai agi de fa\u00e7on \u00e9go\u00efste. J&#8217;\u00e9tais jeune, perdu&#8230; Mais je veux r\u00e9parer les choses. Si tu me laisses essayer. \u00bb<\/p>\n<p>La conversation s&#8217;\u00e9tire, entrecoup\u00e9e de silences lourds et de br\u00e8ves explosions de col\u00e8re et d&#8217;anxi\u00e9t\u00e9. Les souvenirs affluent, les rires d&#8217;enfants, les disputes adolescentes, et ce dernier jour o\u00f9 tout a chang\u00e9.<\/p>\n<p>Finalement, \u00c9milie prend une profonde inspiration. \u00ab Peut-\u00eatre que je ne suis pas pr\u00eate \u00e0 te pardonner tout de suite, mais je pense que \u00e7a vaut la peine d&#8217;essayer. \u00bb Son ton est doux mais ferme, un compromis entre le pass\u00e9 douloureux et l&#8217;ombre d&#8217;un avenir possible.<\/p>\n<p>David hoche la t\u00eate, soulag\u00e9, bien que conscient que le chemin vers la r\u00e9conciliation sera long et incertain. \u00ab Merci, \u00c9milie. Je ferai tout pour regagner ta confiance. \u00bb<\/p>\n<p>Ils se l\u00e8vent, h\u00e9sitants, puis \u00e9changent un bref mais sinc\u00e8re embrasement. Un premier pas, timide mais r\u00e9solu, vers ce qui pourrait \u00eatre une nouvelle \u00e8re pour eux.<\/p>\n<p>Sur le chemin du retour, \u00c9milie s&#8217;arr\u00eate un instant pour contempler le coucher du soleil, un rappel symbolique de la beaut\u00e9 qui peut \u00e9merger apr\u00e8s les temp\u00eates les plus sombres.<\/p>\n","protected":false},"excerpt":{"rendered":"<p>Elle n&#8217;aurait jamais cru revoir son fr\u00e8re, jusqu&#8217;\u00e0 cet apr\u00e8s-midi ordinaire o\u00f9 son t\u00e9l\u00e9phone a sonn\u00e9, affichant un num\u00e9ro familier mais oubli\u00e9. Apr\u00e8s vingt ans de silence pesant, un simple \u00ab All\u00f4, c&#8217;est moi \u00bb d\u00e9chire le voile de son pass\u00e9 soigneusement enfoui. \u00c9milie, les mains tremblantes, prend une profonde inspiration, envahie par un m\u00e9lange &#8230; <a title=\"Le Retour Inattendu\" class=\"read-more\" href=\"https:\/\/medialur.com\/?p=87830\" aria-label=\"Read more about Le Retour Inattendu\">Read more<\/a><\/p>\n","protected":false},"author":12,"featured_media":87831,"comment_status":"","ping_status":"","sticky":false,"template":"","format":"standard","meta":{"footnotes":""},"categories":[1],"tags":[],"class_list":["post-87830","post","type-post","status-publish","format-standard","has-post-thumbnail","hentry","category-uncategorized"],"views":124,"_links":{"self":[{"href":"https:\/\/medialur.com\/index.php?rest_route=\/wp\/v2\/posts\/87830","targetHints":{"allow":["GET"]}}],"collection":[{"href":"https:\/\/medialur.com\/index.php?rest_route=\/wp\/v2\/posts"}],"about":[{"href":"https:\/\/medialur.com\/index.php?rest_route=\/wp\/v2\/types\/post"}],"author":[{"embeddable":true,"href":"https:\/\/medialur.com\/index.php?rest_route=\/wp\/v2\/users\/12"}],"replies":[{"embeddable":true,"href":"https:\/\/medialur.com\/index.php?rest_route=%2Fwp%2Fv2%2Fcomments&post=87830"}],"version-history":[{"count":0,"href":"https:\/\/medialur.com\/index.php?rest_route=\/wp\/v2\/posts\/87830\/revisions"}],"wp:featuredmedia":[{"embeddable":true,"href":"https:\/\/medialur.com\/index.php?rest_route=\/wp\/v2\/media\/87831"}],"wp:attachment":[{"href":"https:\/\/medialur.com\/index.php?rest_route=%2Fwp%2Fv2%2Fmedia&parent=87830"}],"wp:term":[{"taxonomy":"category","embeddable":true,"href":"https:\/\/medialur.com\/index.php?rest_route=%2Fwp%2Fv2%2Fcategories&post=87830"},{"taxonomy":"post_tag","embeddable":true,"href":"https:\/\/medialur.com\/index.php?rest_route=%2Fwp%2Fv2%2Ftags&post=87830"}],"curies":[{"name":"wp","href":"https:\/\/api.w.org\/{rel}","templated":true}]}}