{"id":87814,"date":"2025-06-20T11:58:14","date_gmt":"2025-06-20T07:58:14","guid":{"rendered":"https:\/\/medialur.com\/quand-belle-maman-decide-pour-nous\/"},"modified":"2025-06-20T11:58:14","modified_gmt":"2025-06-20T07:58:14","slug":"quand-belle-maman-decide-pour-nous","status":"publish","type":"post","link":"https:\/\/medialur.com\/?p=87814","title":{"rendered":"Quand Belle-Maman D\u00e9cide Pour Nous"},"content":{"rendered":"<p>Tout a bascul\u00e9 le jour o\u00f9 Isabelle a annul\u00e9 nos vacances sans m\u00eame nous consulter. C&#8217;\u00e9tait la goutte d&#8217;eau qui a fait d\u00e9border le vase, r\u00e9v\u00e9lant la v\u00e9ritable emprise qu&#8217;elle exer\u00e7ait sur notre famille. Jusqu&#8217;\u00e0 ce jour, nous avions tol\u00e9r\u00e9 ses petits commentaires et ses l\u00e9g\u00e8res ing\u00e9rences dans notre quotidien. Mais cette fois, elle \u00e9tait all\u00e9e trop loin.<\/p>\n<p>Je me souviens encore de la tension dans la pi\u00e8ce lorsque mon mari, Marc, a re\u00e7u l&#8217;appel. Isabelle, sa m\u00e8re, avait d\u00e9cid\u00e9 que nous devions annuler notre voyage \u00e0 la mer pour passer les f\u00eates de fin d&#8217;ann\u00e9e avec elle, comme &#8220;il \u00e9tait normal de le faire&#8221;. La m\u00e2choire serr\u00e9e, Marc a essay\u00e9 de discuter mais rien n&#8217;y faisait. L&#8217;argumentation d&#8217;Isabelle \u00e9tait un mur infranchissable. Il a raccroch\u00e9, le visage p\u00e2le de frustration.<\/p>\n<p>&#8220;Qu&#8217;est-ce qu&#8217;on va faire maintenant ?&#8221; ai-je demand\u00e9, la voix tremblante d&#8217;une col\u00e8re que je m&#8217;effor\u00e7ais de contenir. Marc a soupir\u00e9, r\u00e9sign\u00e9. &#8220;Elle pense que c&#8217;est mieux pour nous&#8221;, a-t-il r\u00e9pondu, comme pour se convaincre lui-m\u00eame. Mais ses poings ferm\u00e9s trahissaient son v\u00e9ritable sentiment.<\/p>\n<p>Les jours suivants ont \u00e9t\u00e9 un encha\u00eenement de communications tendues avec Isabelle. Elle avait tout organis\u00e9 : repas, h\u00e9bergement, m\u00eame les activit\u00e9s. Nous n&#8217;avions plus notre mot \u00e0 dire. Nos enfants, Sarah et Paul, \u00e9taient d\u00e9\u00e7us, mais ils n&#8217;osaient rien dire de peur de cr\u00e9er une dispute avec leur grand-m\u00e8re.<\/p>\n<p>La tension a atteint son paroxysme lors du d\u00eener un samedi soir. Isabelle avait fait une remarque sur la fa\u00e7on dont nous \u00e9duquions nos enfants, insinuant que nous devrions suivre ses conseils. &#8220;Apr\u00e8s tout, j&#8217;ai \u00e9lev\u00e9 Marc, et il a bien tourn\u00e9,&#8221; avait-elle dit avec un sourire satisfait. Je n&#8217;ai pas pu m&#8217;en emp\u00eacher, la col\u00e8re bouillonnait en moi.<\/p>\n<p>&#8220;Peut-\u00eatre que Marc a tourn\u00e9 bien, mais notre famille a le droit de faire ses propres choix,&#8221; ai-je d\u00e9clar\u00e9, ma voix \u00e9tonnamment calme malgr\u00e9 l&#8217;intensit\u00e9 de l&#8217;\u00e9motion.<\/p>\n<p>Marc a regard\u00e9 sa m\u00e8re, puis moi. Ses yeux ont retrouv\u00e9 une lueur de d\u00e9termination que je n&#8217;avais pas vue depuis longtemps. &#8220;Maman, il est temps que tu comprennes que nous devons d\u00e9cider par nous-m\u00eames,&#8221; a-t-il ajout\u00e9 fermement. Isabelle, prise de court, s&#8217;est fig\u00e9e un instant. Mais quelque chose dans notre unit\u00e9 ce soir-l\u00e0 l&#8217;a fait se taire.<\/p>\n<p>Elle a baiss\u00e9 les yeux et, pour la premi\u00e8re fois, a sembl\u00e9 comprendre. Ce moment a \u00e9t\u00e9 notre lib\u00e9ration. Nous avons finalement pu partir en vacances comme pr\u00e9vu. La relation avec Isabelle a chang\u00e9; nous avons pos\u00e9 des limites claires. Ce fut une victoire douce-am\u00e8re, mais n\u00e9cessaire.<\/p>\n<p>Et bien que la route vers une harmonie totale soit encore longue, nous avons appris qu&#8217;il \u00e9tait vital de d\u00e9fendre notre ind\u00e9pendance, m\u00eame face \u00e0 ceux que nous aimons.<\/p>\n","protected":false},"excerpt":{"rendered":"<p>Tout a bascul\u00e9 le jour o\u00f9 Isabelle a annul\u00e9 nos vacances sans m\u00eame nous consulter. C&#8217;\u00e9tait la goutte d&#8217;eau qui a fait d\u00e9border le vase, r\u00e9v\u00e9lant la v\u00e9ritable emprise qu&#8217;elle exer\u00e7ait sur notre famille. Jusqu&#8217;\u00e0 ce jour, nous avions tol\u00e9r\u00e9 ses petits commentaires et ses l\u00e9g\u00e8res ing\u00e9rences dans notre quotidien. Mais cette fois, elle \u00e9tait &#8230; <a title=\"Quand Belle-Maman D\u00e9cide Pour Nous\" class=\"read-more\" href=\"https:\/\/medialur.com\/?p=87814\" aria-label=\"Read more about Quand Belle-Maman D\u00e9cide Pour Nous\">Read more<\/a><\/p>\n","protected":false},"author":14,"featured_media":87815,"comment_status":"","ping_status":"","sticky":false,"template":"","format":"standard","meta":{"footnotes":""},"categories":[1],"tags":[],"class_list":["post-87814","post","type-post","status-publish","format-standard","has-post-thumbnail","hentry","category-uncategorized"],"views":581,"_links":{"self":[{"href":"https:\/\/medialur.com\/index.php?rest_route=\/wp\/v2\/posts\/87814","targetHints":{"allow":["GET"]}}],"collection":[{"href":"https:\/\/medialur.com\/index.php?rest_route=\/wp\/v2\/posts"}],"about":[{"href":"https:\/\/medialur.com\/index.php?rest_route=\/wp\/v2\/types\/post"}],"author":[{"embeddable":true,"href":"https:\/\/medialur.com\/index.php?rest_route=\/wp\/v2\/users\/14"}],"replies":[{"embeddable":true,"href":"https:\/\/medialur.com\/index.php?rest_route=%2Fwp%2Fv2%2Fcomments&post=87814"}],"version-history":[{"count":0,"href":"https:\/\/medialur.com\/index.php?rest_route=\/wp\/v2\/posts\/87814\/revisions"}],"wp:featuredmedia":[{"embeddable":true,"href":"https:\/\/medialur.com\/index.php?rest_route=\/wp\/v2\/media\/87815"}],"wp:attachment":[{"href":"https:\/\/medialur.com\/index.php?rest_route=%2Fwp%2Fv2%2Fmedia&parent=87814"}],"wp:term":[{"taxonomy":"category","embeddable":true,"href":"https:\/\/medialur.com\/index.php?rest_route=%2Fwp%2Fv2%2Fcategories&post=87814"},{"taxonomy":"post_tag","embeddable":true,"href":"https:\/\/medialur.com\/index.php?rest_route=%2Fwp%2Fv2%2Ftags&post=87814"}],"curies":[{"name":"wp","href":"https:\/\/api.w.org\/{rel}","templated":true}]}}