{"id":87091,"date":"2025-06-20T04:41:09","date_gmt":"2025-06-20T00:41:09","guid":{"rendered":"https:\/\/medialur.com\/la-rebellion-contre-mamie-quand-dire-non-sauve-une-famille\/"},"modified":"2025-06-20T04:41:09","modified_gmt":"2025-06-20T00:41:09","slug":"la-rebellion-contre-mamie-quand-dire-non-sauve-une-famille","status":"publish","type":"post","link":"https:\/\/medialur.com\/?p=87091","title":{"rendered":"La R\u00e9bellion Contre Mamie : Quand Dire Non Sauve une Famille"},"content":{"rendered":"<p>\u00ab Tout ce qu\u2019il a fallu, c\u2019est une f\u00eate d\u2019anniversaire annul\u00e9e pour que nous voyions enfin la vraie nature de Mamie\u2026 \u00bb Ce matin-l\u00e0, une tension palpable r\u00e8gne dans la maison. Mamie vient d\u2019appeler pour nous annoncer, avec son ton habituel qui n\u2019admet aucune objection, qu\u2019elle avait d\u00e9cid\u00e9 de d\u00e9placer l\u2019anniversaire de Chlo\u00e9 au centre de loisirs plut\u00f4t qu\u2019au parc o\u00f9 nous avions pr\u00e9vu. \u00ab Mais Mamie, Chlo\u00e9 voulait vraiment que ce soit au parc, elle aime jouer dehors avec ses amis \u00bb, ai-je tent\u00e9 de r\u00e9pondre, en for\u00e7ant un sourire qui ne cachait pas mes poings serr\u00e9s sous la table. \u00ab Les parcs sont trop salissants \u00bb, r\u00e9pliqua-t-elle, un ton de finalit\u00e9 dans sa voix qui ne souffrait aucun d\u00e9saccord.<\/p>\n<p>Depuis des ann\u00e9es, sa pr\u00e9sence dominait nos vies, s\u2019immis\u00e7ant dans nos d\u00e9cisions avec une autorit\u00e9 \u00e0 peine voil\u00e9e. Nos soir\u00e9es en famille \u00e9taient souvent interrompues par ses appels exigeants, et nos vacances r\u00e9organis\u00e9es selon ses d\u00e9sirs. Mon mari, Jean, souriait nerveusement \u00e0 chaque fois, pr\u00e9f\u00e9rant \u00e9viter le conflit. Mais aujourd\u2019hui, quelque chose cliqua en moi.<\/p>\n<p>\u00ab Jean, il faut que \u00e7a s\u2019arr\u00eate \u00bb, dis-je une fois le t\u00e9l\u00e9phone raccroch\u00e9, ma voix tremblant l\u00e9g\u00e8rement sous l\u2019\u00e9motion. Il regarda ailleurs, h\u00e9sitant. \u00ab Elle ne veut que notre bien, tu sais \u00bb, murmura-t-il, comme pour se convaincre lui-m\u00eame.<\/p>\n<p>Mais la coupe \u00e9tait pleine. L\u2019anniversaire de Chlo\u00e9 ne serait pas un autre \u00e9v\u00e9nement dict\u00e9 par sa grand-m\u00e8re. Le soir m\u00eame, apr\u00e8s avoir mis les enfants au lit, je pris une profonde inspiration et d\u00e9cidai de passer \u00e0 l\u2019acte.<\/p>\n<p>Le lendemain, tandis que Jean, moi et les enfants nous retrouvions avec Mamie dans le salon, je sentis mon c\u0153ur battre \u00e0 tout rompre. \u00ab Mamie, nous avons d\u00e9cid\u00e9 que l\u2019anniversaire de Chlo\u00e9 se tiendra au parc \u00bb, d\u00e9clarai-je, d\u2019une voix plus ferme que je ne me sentais.<\/p>\n<p>Ses yeux s\u2019\u00e9carquill\u00e8rent, sa bouche s\u2019ouvrit l\u00e9g\u00e8rement, fig\u00e9e entre la surprise et l\u2019indignation. \u00ab Mais le centre de loisirs est d\u00e9j\u00e0 r\u00e9serv\u00e9 ! \u00bb s\u2019exclama-t-elle, sa voix s\u2019\u00e9levant.<\/p>\n<p>Jean prit ma main, pour la premi\u00e8re fois, montrant un soutien ind\u00e9fectible. \u00ab C\u2019est notre d\u00e9cision \u00bb, dit-il calmement, mais avec une d\u00e9termination qu\u2019il ne lui avait jamais montr\u00e9e auparavant.<\/p>\n<p>Mamie se leva, l\u2019air outr\u00e9, mais pour une fois, nous ne c\u00e9d\u00e2mes pas. Elle quitta la pi\u00e8ce avec un claquement de porte dramatique, mais une fois la temp\u00eate pass\u00e9e, un sentiment de lib\u00e9ration nous enveloppa.<\/p>\n<p>Les jours suivants furent tendus, mais nous \u00e9tions finalement unis dans notre d\u00e9cision. La f\u00eate de Chlo\u00e9 fut un succ\u00e8s au parc, et \u00e0 travers cette \u00e9preuve, nous avions trouv\u00e9 notre voix.<\/p>\n<p>Cette confrontation, aussi difficile qu\u2019elle f\u00fbt, nous avait permis de red\u00e9finir nos fronti\u00e8res, et finalement de prot\u00e9ger notre bonheur familial.<\/p>\n","protected":false},"excerpt":{"rendered":"<p>\u00ab Tout ce qu\u2019il a fallu, c\u2019est une f\u00eate d\u2019anniversaire annul\u00e9e pour que nous voyions enfin la vraie nature de Mamie\u2026 \u00bb Ce matin-l\u00e0, une tension palpable r\u00e8gne dans la maison. Mamie vient d\u2019appeler pour nous annoncer, avec son ton habituel qui n\u2019admet aucune objection, qu\u2019elle avait d\u00e9cid\u00e9 de d\u00e9placer l\u2019anniversaire de Chlo\u00e9 au centre &#8230; <a title=\"La R\u00e9bellion Contre Mamie : Quand Dire Non Sauve une Famille\" class=\"read-more\" href=\"https:\/\/medialur.com\/?p=87091\" aria-label=\"Read more about La R\u00e9bellion Contre Mamie : Quand Dire Non Sauve une Famille\">Read more<\/a><\/p>\n","protected":false},"author":6,"featured_media":87092,"comment_status":"","ping_status":"","sticky":false,"template":"","format":"standard","meta":{"footnotes":""},"categories":[1],"tags":[],"class_list":["post-87091","post","type-post","status-publish","format-standard","has-post-thumbnail","hentry","category-uncategorized"],"views":114,"_links":{"self":[{"href":"https:\/\/medialur.com\/index.php?rest_route=\/wp\/v2\/posts\/87091","targetHints":{"allow":["GET"]}}],"collection":[{"href":"https:\/\/medialur.com\/index.php?rest_route=\/wp\/v2\/posts"}],"about":[{"href":"https:\/\/medialur.com\/index.php?rest_route=\/wp\/v2\/types\/post"}],"author":[{"embeddable":true,"href":"https:\/\/medialur.com\/index.php?rest_route=\/wp\/v2\/users\/6"}],"replies":[{"embeddable":true,"href":"https:\/\/medialur.com\/index.php?rest_route=%2Fwp%2Fv2%2Fcomments&post=87091"}],"version-history":[{"count":0,"href":"https:\/\/medialur.com\/index.php?rest_route=\/wp\/v2\/posts\/87091\/revisions"}],"wp:featuredmedia":[{"embeddable":true,"href":"https:\/\/medialur.com\/index.php?rest_route=\/wp\/v2\/media\/87092"}],"wp:attachment":[{"href":"https:\/\/medialur.com\/index.php?rest_route=%2Fwp%2Fv2%2Fmedia&parent=87091"}],"wp:term":[{"taxonomy":"category","embeddable":true,"href":"https:\/\/medialur.com\/index.php?rest_route=%2Fwp%2Fv2%2Fcategories&post=87091"},{"taxonomy":"post_tag","embeddable":true,"href":"https:\/\/medialur.com\/index.php?rest_route=%2Fwp%2Fv2%2Ftags&post=87091"}],"curies":[{"name":"wp","href":"https:\/\/api.w.org\/{rel}","templated":true}]}}