{"id":85222,"date":"2025-05-14T07:29:56","date_gmt":"2025-05-14T03:29:56","guid":{"rendered":"https:\/\/medialur.com\/lecho-des-valeurs-2\/"},"modified":"2025-05-14T07:29:56","modified_gmt":"2025-05-14T03:29:56","slug":"lecho-des-valeurs-2","status":"publish","type":"post","link":"https:\/\/medialur.com\/?p=85222","title":{"rendered":"L&#8217;\u00e9cho des valeurs"},"content":{"rendered":"<p>Dans une petite ville nich\u00e9e au creux des vall\u00e9es fran\u00e7aises, une jeune femme nomm\u00e9e El\u00e9a vivait sous le poids des attentes familiales presque depuis sa naissance. \u00c0 vingt-deux ans, elle se trouvait \u00e0 un carrefour de sa vie, tiraill\u00e9e entre les valeurs personnelles qu&#8217;elle avait lentement forg\u00e9es au fil des ann\u00e9es et les exigences in\u00e9branlables de sa famille. <\/p>\n<p>El\u00e9a avait grandi dans une famille profond\u00e9ment attach\u00e9e \u00e0 ses traditions culturelles. Ses parents, \u00e9migr\u00e9s de la campagne italienne, avaient toujours r\u00eav\u00e9 d\u2019un avenir stable et pr\u00e9visible pour leurs enfants. Pour eux, cela signifiait une carri\u00e8re respectable dans un domaine \u00e9tabli, un mariage convenable et le maintien de leurs coutumes ancestrales dans tous les aspects de la vie. El\u00e9a, cependant, nourrissait des r\u00eaves diff\u00e9rents. Elle \u00e9tait passionn\u00e9e de danse contemporaine, un art qu&#8217;elle avait d\u00e9couvert \u00e0 l&#8217;adolescence gr\u00e2ce \u00e0 un professeur inspirant. Pour El\u00e9a, la danse repr\u00e9sentait la libert\u00e9, l&#8217;expression personnelle, la rupture des cha\u00eenes invisibles qui la liaient \u00e0 un avenir qu\u2019elle n\u2019avait pas choisi.<\/p>\n<p>Pourtant, elle avait toujours eu du mal \u00e0 exprimer ce d\u00e9sir profond \u00e0 sa famille. L&#8217;id\u00e9e m\u00eame de d\u00e9cevoir ses parents l&#8217;emplissait d&#8217;une culpabilit\u00e9 qui l&#8217;emp\u00eachait souvent de respirer pleinement. Dans leur regard, elle voyait les sacrifices qu&#8217;ils avaient faits pour elle, les nuits blanches, les labeurs inachev\u00e9s, et elle h\u00e9sitait \u00e0 leur imposer ses propres r\u00eaves. Chaque dimanche, autour de la table familiale, elle \u00e9coutait patiemment les discussions sur sa future carri\u00e8re d&#8217;avocate, une perspective qui, bien qu\u2019honorable, ne l\u2019animait pas. <\/p>\n<p>Dans cette maison pleine de souvenirs, tout semblait d\u00e9j\u00e0 \u00e9crit. Une semaine ne passait sans qu\u2019un membre de la famille ne lui rappelle le poids de l\u2019histoire, de la tradition. El\u00e9a se sentait comme un fil tendu entre deux mondes, celui o\u00f9 elle devrait \u00eatre et celui o\u00f9 elle voulait \u00eatre. Ses journ\u00e9es \u00e9taient marqu\u00e9es par un sourire de fa\u00e7ade, une danse savante entre ses \u00e9motions et les attentes des autres.<\/p>\n<p>Cette tension subtile mais persistante \u00e9volua jusqu&#8217;\u00e0 ce qu&#8217;un jour, l&#8217;\u00e9chappatoire inattendue surgisse lors d&#8217;une promenade solitaire au bord du lac, entour\u00e9 de l\u2019automne flamboyant. Les feuilles mortes crissaient sous ses pas, un \u00e9cho de toutes les d\u00e9cisions qu&#8217;elle n\u2019avait pas prises. Elle s&#8217;arr\u00eata, le lac devant elle, miroir paisible de ses tourments int\u00e9rieurs. Sans s&#8217;en rendre compte, elle se mit \u00e0 danser, ses mouvements s\u2019encha\u00eenant avec une gr\u00e2ce d\u00e9sesp\u00e9r\u00e9e, son corps exprimant ce que son c\u0153ur hurlait en silence. C\u2019\u00e9tait une danse de la v\u00e9rit\u00e9, une danse pour elle-m\u00eame.<\/p>\n<p>C&#8217;est alors qu&#8217;elle ressentit un moment de clart\u00e9. Elle comprit que la loyaut\u00e9 envers soi-m\u00eame n&#8217;\u00e9tait pas de l\u2019\u00e9go\u00efsme, mais une n\u00e9cessit\u00e9 pour vivre authentiquement. Elle r\u00e9alisa que le respect des traditions ne devait pas signifier l\u2019abandon de ses r\u00eaves. Elle r\u00e9solut de parler \u00e0 sa famille, non pas en qu\u00eate de leur approbation, mais pour leur faire comprendre qu\u2019elle n\u2019\u00e9tait pas en train de tourner le dos \u00e0 leurs sacrifices mais plut\u00f4t de leur rendre hommage en vivant pleinement sa propre vie.<\/p>\n<p>Le lendemain, elle se pr\u00e9senta \u00e0 ses parents, le c\u0153ur battant, mais avec une d\u00e9termination nouvelle. Les mots jaillirent plus facilement qu\u2019elle ne l\u2019avait imagin\u00e9. Elle leur parla de sa passion pour la danse, de ce qu&#8217;elle ressentait \u00e0 chaque mouvement et de comment elle souhaitait explorer la vie \u00e0 travers cet art. Pour la premi\u00e8re fois, elle ne chercha pas leurs regards pour validation, mais leur tendit la main pour qu\u2019ils puissent l\u2019accompagner dans son cheminement.<\/p>\n<p>\u00c0 sa grande surprise, ses parents ne se montr\u00e8rent pas aussi rigides qu\u2019elle l\u2019avait craint. Son p\u00e8re, en particulier, resta silencieux un long moment avant de lui raconter une histoire qu&#8217;elle n&#8217;avait jamais entendue : celle de sa propre jeunesse, et de comment il avait d\u00fb abandonner son r\u00eave d\u2019architecture pour suivre le chemin trac\u00e9 par ses a\u00een\u00e9s. Ce partage inattendu jeta une lumi\u00e8re crue sur les murs du silence qui s\u2019\u00e9taient dress\u00e9s entre eux. C&#8217;\u00e9tait la premi\u00e8re fois qu\u2019\u00c9l\u00e9a voyait une faille dans l\u2019armure paternelle, un lien dans l\u2019incompr\u00e9hension mutuelle qui s&#8217;ouvrait comme une porte vers un futur meilleur.<\/p>\n<p>Ainsi, la d\u00e9cision fut prise. La famille se r\u00e9unit autour du projet d&#8217;\u00c9l\u00e9a, avec un m\u00e9lange de craintes et d\u2019espoirs. Tandis que les jours pass\u00e8rent, ils commenc\u00e8rent \u00e0 comprendre que le v\u00e9ritable h\u00e9ritage qu&#8217;ils pouvaient offrir \u00e0 leur fille \u00e9tait la libert\u00e9 de suivre sa propre voie, celle qui unirait pass\u00e9 et pr\u00e9sent, tradition et innovation. <\/p>\n<p>Au fil du temps, le lac devint le lieu o\u00f9 \u00c9l\u00e9a et son p\u00e8re partageaient des moments silencieux et des discussions sur l\u2019architecture de leurs r\u00eaves respectifs, r\u00e9v\u00e9lant l\u2019espace o\u00f9 les valeurs personnelles pouvaient s\u2019enraciner dans l\u2019histoire familiale sans \u00eatre \u00e9touff\u00e9es. Dans le doux balancement des vagues, ils trouvaient ensemble la paix au-del\u00e0 des attentes, forgeant un nouveau chemin pav\u00e9 de compr\u00e9hension et d\u2019amour.<\/p>\n","protected":false},"excerpt":{"rendered":"<p>Dans une petite ville nich\u00e9e au creux des vall\u00e9es fran\u00e7aises, une jeune femme nomm\u00e9e El\u00e9a vivait sous le poids des attentes familiales presque depuis sa naissance. \u00c0 vingt-deux ans, elle se trouvait \u00e0 un carrefour de sa vie, tiraill\u00e9e entre les valeurs personnelles qu&#8217;elle avait lentement forg\u00e9es au fil des ann\u00e9es et les exigences in\u00e9branlables &#8230; <a title=\"L&#8217;\u00e9cho des valeurs\" class=\"read-more\" href=\"https:\/\/medialur.com\/?p=85222\" aria-label=\"Read more about L&#8217;\u00e9cho des valeurs\">Read more<\/a><\/p>\n","protected":false},"author":12,"featured_media":85223,"comment_status":"","ping_status":"","sticky":false,"template":"","format":"standard","meta":{"footnotes":""},"categories":[1],"tags":[],"class_list":["post-85222","post","type-post","status-publish","format-standard","has-post-thumbnail","hentry","category-uncategorized"],"views":132,"_links":{"self":[{"href":"https:\/\/medialur.com\/index.php?rest_route=\/wp\/v2\/posts\/85222","targetHints":{"allow":["GET"]}}],"collection":[{"href":"https:\/\/medialur.com\/index.php?rest_route=\/wp\/v2\/posts"}],"about":[{"href":"https:\/\/medialur.com\/index.php?rest_route=\/wp\/v2\/types\/post"}],"author":[{"embeddable":true,"href":"https:\/\/medialur.com\/index.php?rest_route=\/wp\/v2\/users\/12"}],"replies":[{"embeddable":true,"href":"https:\/\/medialur.com\/index.php?rest_route=%2Fwp%2Fv2%2Fcomments&post=85222"}],"version-history":[{"count":0,"href":"https:\/\/medialur.com\/index.php?rest_route=\/wp\/v2\/posts\/85222\/revisions"}],"wp:featuredmedia":[{"embeddable":true,"href":"https:\/\/medialur.com\/index.php?rest_route=\/wp\/v2\/media\/85223"}],"wp:attachment":[{"href":"https:\/\/medialur.com\/index.php?rest_route=%2Fwp%2Fv2%2Fmedia&parent=85222"}],"wp:term":[{"taxonomy":"category","embeddable":true,"href":"https:\/\/medialur.com\/index.php?rest_route=%2Fwp%2Fv2%2Fcategories&post=85222"},{"taxonomy":"post_tag","embeddable":true,"href":"https:\/\/medialur.com\/index.php?rest_route=%2Fwp%2Fv2%2Ftags&post=85222"}],"curies":[{"name":"wp","href":"https:\/\/api.w.org\/{rel}","templated":true}]}}