{"id":84998,"date":"2025-05-13T11:08:04","date_gmt":"2025-05-13T07:08:04","guid":{"rendered":"https:\/\/medialur.com\/les-ombres-du-temps-2\/"},"modified":"2025-05-13T11:08:04","modified_gmt":"2025-05-13T07:08:04","slug":"les-ombres-du-temps-2","status":"publish","type":"post","link":"https:\/\/medialur.com\/?p=84998","title":{"rendered":"Les Ombres du Temps"},"content":{"rendered":"<p>Dans la petite ville de Saint-Martin-sur-Lemans, l&#8217;automne avait pris ses quartiers. Les feuilles rouges et or tourbillonnaient dans les ruelles pav\u00e9es, semblant murmurer des secrets du pass\u00e9. C&#8217;est l\u00e0, au d\u00e9tour de ces chemins familiers, que Clara \u00e9tait revenue pour vider la maison de sa grand-m\u00e8re, r\u00e9cemment d\u00e9c\u00e9d\u00e9e. Les souvenirs affluaient \u00e0 chaque coin de rue, rappelant les \u00e9t\u00e9s insouciants de sa jeunesse.<\/p>\n<p>Lorsqu&#8217;elle pousse la porte grin\u00e7ante de la librairie de son enfance, elle ne s&#8217;attend pas \u00e0 trouver un autre fant\u00f4me du pass\u00e9. L&#8217;air impr\u00e9gn\u00e9 de l&#8217;odeur des livres anciens est le m\u00eame, mais la pr\u00e9sence de Gabriel derri\u00e8re le comptoir la frappe comme une note discordante dans une m\u00e9lodie autrefois parfaite.<\/p>\n<p>Ils avaient \u00e9t\u00e9 ins\u00e9parables, Clara et Gabriel, partageant tout, des secrets les plus insignifiants aux r\u00eaves les plus fous. Puis, le temps, avec son impitoyable avanc\u00e9e, avait \u00e9tiol\u00e9 leur amiti\u00e9. La vie les avait s\u00e9par\u00e9s, sans querelle, juste des chemins divergents.<\/p>\n<p>&#8220;Clara,&#8221; dit-il doucement, comme s&#8217;il avait peur de briser le silence qui les entourait.<\/p>\n<p>Elle reste fig\u00e9e, le coeur battant \u00e0 l&#8217;id\u00e9e des ann\u00e9es perdues. &#8220;Gabriel,&#8221; r\u00e9pond-elle, un sourire timide \u00e9clairant son visage, malgr\u00e9 l&#8217;angoisse qui lui noue la gorge.<\/p>\n<p>Les premiers instants sont maladroits, comme deux danseurs retrouvant un vieux pas de valse. La conversation d\u00e9marre sur des banalit\u00e9s, chaque mot pesant sous le poids du non-dit. Pourtant, peu \u00e0 peu, la glace se brise. Ils parlent de leurs vies, de leurs chemins. Clara \u00e9voque sa carri\u00e8re dans l&#8217;art, ses voyages, les pertes et les gains. Gabriel raconte la librairie qu&#8217;il a reprise apr\u00e8s le d\u00e9part de son p\u00e8re, son amour pour les livres ayant guid\u00e9 son chemin.<\/p>\n<p>Les heures d\u00e9filent, imperceptibles, comme si le temps avait suspendu son cours pour eux, les enveloppant dans une bulle hors du monde.<\/p>\n<p>En sortant de la librairie, le ciel s&#8217;est par\u00e9 d&#8217;un cr\u00e9puscule orang\u00e9. Clara propose de marcher jusqu&#8217;\u00e0 la rivi\u00e8re, l\u00e0 o\u00f9, enfants, ils passaient leurs apr\u00e8s-midi d&#8217;\u00e9t\u00e9. L&#8217;odeur du sous-bois, l&#8217;air frais et piquant, tout les ram\u00e8ne inexorablement \u00e0 ce qu&#8217;ils ont \u00e9t\u00e9.<\/p>\n<p>&#8220;Tu te souviens de la cabane qu&#8217;on avait construite l\u00e0-bas?&#8221; demande Gabriel en montrant une clairi\u00e8re. &#8220;On pensait qu&#8217;elle serait suffisamment solide pour r\u00e9sister au temps.&#8221;<\/p>\n<p>Clara rit doucement, une note de m\u00e9lancolie teinte son amusement. &#8220;Je crois qu&#8217;elle l&#8217;\u00e9tait, dans notre esprit, en tout cas.&#8221;<\/p>\n<p>Il y a un moment de silence, lourd, mais non sans espoir. Leurs yeux se rencontrent, et enfin, ils parlent de ce qui les a \u00e9loign\u00e9s. Les r\u00eaves non partag\u00e9s, les chemins trop diff\u00e9rents pour \u00eatre suivis ensemble.<\/p>\n<p>&#8220;Je t&#8217;ai pardonn\u00e9 depuis longtemps, tu sais,&#8221; murmure Clara.<\/p>\n<p>Gabriel hoche la t\u00eate. &#8220;Moi aussi. J&#8217;ai souvent regrett\u00e9 qu&#8217;on n&#8217;ait pas trouv\u00e9 le moyen de garder le contact.&#8221;<\/p>\n<p>Un silence apaisant s&#8217;installe entre eux. La rivi\u00e8re coule, imperturbable, symbole de l&#8217;\u00e9coulement du temps qu&#8217;ils ne peuvent arr\u00eater, mais qu&#8217;ils peuvent au moins comprendre.<\/p>\n<p>Finalement, ils arrivent \u00e0 un accord silencieux. Ce ne sera plus comme avant, mais c&#8217;est bien ainsi. Ce qui a \u00e9t\u00e9 n&#8217;est pas perdu, seulement transform\u00e9, et ils peuvent \u00e0 nouveau trouver du sens dans cette amiti\u00e9 renouvel\u00e9e, diff\u00e9rente, mais toujours pr\u00e9cieuse.<\/p>\n<p>La nuit les enveloppe doucement, tout comme la promesse de recommencer \u00e0 se fr\u00e9quenter, cette fois-ci avec la sagesse du temps \u00e9coul\u00e9.<\/p>\n","protected":false},"excerpt":{"rendered":"<p>Dans la petite ville de Saint-Martin-sur-Lemans, l&#8217;automne avait pris ses quartiers. Les feuilles rouges et or tourbillonnaient dans les ruelles pav\u00e9es, semblant murmurer des secrets du pass\u00e9. C&#8217;est l\u00e0, au d\u00e9tour de ces chemins familiers, que Clara \u00e9tait revenue pour vider la maison de sa grand-m\u00e8re, r\u00e9cemment d\u00e9c\u00e9d\u00e9e. Les souvenirs affluaient \u00e0 chaque coin de &#8230; <a title=\"Les Ombres du Temps\" class=\"read-more\" href=\"https:\/\/medialur.com\/?p=84998\" aria-label=\"Read more about Les Ombres du Temps\">Read more<\/a><\/p>\n","protected":false},"author":6,"featured_media":84999,"comment_status":"","ping_status":"","sticky":false,"template":"","format":"standard","meta":{"footnotes":""},"categories":[1],"tags":[],"class_list":["post-84998","post","type-post","status-publish","format-standard","has-post-thumbnail","hentry","category-uncategorized"],"views":154,"_links":{"self":[{"href":"https:\/\/medialur.com\/index.php?rest_route=\/wp\/v2\/posts\/84998","targetHints":{"allow":["GET"]}}],"collection":[{"href":"https:\/\/medialur.com\/index.php?rest_route=\/wp\/v2\/posts"}],"about":[{"href":"https:\/\/medialur.com\/index.php?rest_route=\/wp\/v2\/types\/post"}],"author":[{"embeddable":true,"href":"https:\/\/medialur.com\/index.php?rest_route=\/wp\/v2\/users\/6"}],"replies":[{"embeddable":true,"href":"https:\/\/medialur.com\/index.php?rest_route=%2Fwp%2Fv2%2Fcomments&post=84998"}],"version-history":[{"count":0,"href":"https:\/\/medialur.com\/index.php?rest_route=\/wp\/v2\/posts\/84998\/revisions"}],"wp:featuredmedia":[{"embeddable":true,"href":"https:\/\/medialur.com\/index.php?rest_route=\/wp\/v2\/media\/84999"}],"wp:attachment":[{"href":"https:\/\/medialur.com\/index.php?rest_route=%2Fwp%2Fv2%2Fmedia&parent=84998"}],"wp:term":[{"taxonomy":"category","embeddable":true,"href":"https:\/\/medialur.com\/index.php?rest_route=%2Fwp%2Fv2%2Fcategories&post=84998"},{"taxonomy":"post_tag","embeddable":true,"href":"https:\/\/medialur.com\/index.php?rest_route=%2Fwp%2Fv2%2Ftags&post=84998"}],"curies":[{"name":"wp","href":"https:\/\/api.w.org\/{rel}","templated":true}]}}