{"id":84990,"date":"2025-05-13T10:20:03","date_gmt":"2025-05-13T06:20:03","guid":{"rendered":"https:\/\/medialur.com\/les-musiques-du-silence\/"},"modified":"2025-05-13T10:20:03","modified_gmt":"2025-05-13T06:20:03","slug":"les-musiques-du-silence","status":"publish","type":"post","link":"https:\/\/medialur.com\/?p=84990","title":{"rendered":"Les Musiques du Silence"},"content":{"rendered":"<p>Je n&#8217;ai jamais pens\u00e9 que je partagerais quelque chose d&#8217;aussi intime ici, mais aujourd&#8217;hui je ne peux plus garder \u00e7a pour moi. Parfois, la plus grande v\u00e9rit\u00e9 de nos vies se cache sous la surface, attendant un moment inattendu pour appara\u00eetre.<\/p>\n<p>\u00c7a a commenc\u00e9 il y a quelques semaines. J&#8217;\u00e9tais en train de nettoyer le grenier de ma m\u00e8re apr\u00e8s son passage en maison de retraite. En fouillant \u00e0 travers les cartons, je suis tomb\u00e9 sur un vieil \u00e9tui \u00e0 violon poussi\u00e9reux. Je l&#8217;ai reconnu imm\u00e9diatement, m\u00eame \u00e0 travers le voile de toiles d&#8217;araign\u00e9e et d&#8217;ann\u00e9es. C&#8217;\u00e9tait le violon de mon fr\u00e8re, Marc. Marc, qui avait disparu sans laisser de traces il y a plus de quinze ans.<\/p>\n<p>Je n&#8217;avais jamais su pourquoi il \u00e9tait parti, ni ce qui l&#8217;avait pouss\u00e9 \u00e0 couper les ponts avec nous. Ce violon, je l&#8217;avais vu tant de fois entre ses mains habiles, \u00e9mettant des m\u00e9lodies qui touchaient l&#8217;\u00e2me. Ouvrir cet \u00e9tui a fait ressurgir tant de souvenirs, mais aussi tant de questions douloureuses. Au fond de l&#8217;\u00e9tui, sous le violon, il y avait une petite enveloppe jaunie par le temps.<\/p>\n<p>En l&#8217;ouvrant, j&#8217;ai d\u00e9couvert une lettre \u00e9crite de sa main. La lecture de ses mots m&#8217;a laiss\u00e9 sans voix. Il parlait de la pression insupportable de nos parents, de leur incapacit\u00e9 \u00e0 accepter son r\u00eave d&#8217;\u00eatre musicien professionnel au lieu de reprendre la ferme familiale. Il \u00e9voquait ses doutes, ses peurs, mais surtout son amour pour la musique qui lui donnait la force de partir. &#8220;Je n&#8217;ai pas quitt\u00e9 ma famille,&#8221; \u00e9crivait-il, &#8220;j&#8217;ai poursuivi ma vie.&#8221;<\/p>\n<p>Cette lettre, je l&#8217;ai lue et relue plusieurs fois. Elle m&#8217;a fait r\u00e9aliser combien je l&#8217;avais jug\u00e9, \u00e0 quel point je m&#8217;\u00e9tais tromp\u00e9. J&#8217;avais toujours pens\u00e9 qu&#8217;il s&#8217;\u00e9tait enfui par \u00e9go\u00efsme, sans jamais chercher \u00e0 comprendre sa douleur silencieuse. Tout ce temps, je me suis senti abandonn\u00e9, mais en r\u00e9alit\u00e9, c&#8217;est lui qui avait \u00e9t\u00e9 contraint de nous laisser pour ne pas s&#8217;abandonner lui-m\u00eame.<\/p>\n<p>Apr\u00e8s quelques jours de r\u00e9flexion, j&#8217;ai trouv\u00e9 son adresse gr\u00e2ce aux r\u00e9seaux sociaux. J&#8217;ai h\u00e9sit\u00e9 longtemps avant de le contacter, le c\u0153ur battant \u00e0 l&#8217;id\u00e9e de ce qu&#8217;il pourrait dire. Mais au fond, je savais que je devais le faire. Nous avons \u00e9chang\u00e9 des messages pleins de pudeur, et j&#8217;ai senti \u00e0 travers ses mots qu&#8217;il avait autant besoin de cette r\u00e9conciliation que moi.<\/p>\n<p>Nous nous sommes donn\u00e9 rendez-vous dans un caf\u00e9, un endroit neutre pour tenter de renouer. En le voyant entrer, j&#8217;ai remarqu\u00e9 peu de changements. Son visage \u00e9tait un peu plus marqu\u00e9 par le temps, mais ses yeux, eux, n&#8217;avaient rien perdu de leur \u00e9clat. &#8220;Salut,&#8221; m&#8217;a-t-il dit en s&#8217;asseyant en face de moi. Son sourire \u00e9tait timide, mais sinc\u00e8re.<\/p>\n<p>Nous avons parl\u00e9 pendant des heures. Il m&#8217;a racont\u00e9 sa vie, ses difficult\u00e9s, mais aussi ses succ\u00e8s et son bonheur retrouv\u00e9 dans la musique. Il avait jou\u00e9 dans des orchestres, voyag\u00e9 \u00e0 travers le monde, mais toujours avec cette pointe de tristesse de n&#8217;avoir pu partager cela avec nous. J&#8217;ai compris que la vie avait \u00e9t\u00e9 son professeur, et qu&#8217;il \u00e9tait parvenu \u00e0 se pardonner cette absence.<\/p>\n<p>En le quittant ce jour-l\u00e0, je savais que quelque chose avait chang\u00e9 en moi. J&#8217;avais retrouv\u00e9 un fr\u00e8re, mais surtout, j&#8217;avais appris \u00e0 voir au-del\u00e0 de mes propres pr\u00e9jug\u00e9s. Le violon \u00e9tait devenu un symbole de r\u00e9conciliation, celui d&#8217;un amour fraternel que je pensais perdu.<\/p>\n<p>Je suis rentr\u00e9 chez moi avec cet \u00e9tui sous le bras, d\u00e9cidant de l&#8217;apprendre \u00e0 jouer. Chaque note est pour moi un pas de plus vers la paix int\u00e9rieure, un chemin que Marc a trac\u00e9 il y a bien des ann\u00e9es.<\/p>\n<p>Merci de m&#8217;avoir lu, et si vous avez perdu quelqu&#8217;un de cette mani\u00e8re, peut-\u00eatre que quelque chose de simple, une lettre ou un souvenir, peut vous aider \u00e0 retrouver ce qui vous unit encore.<\/p>\n","protected":false},"excerpt":{"rendered":"<p>Je n&#8217;ai jamais pens\u00e9 que je partagerais quelque chose d&#8217;aussi intime ici, mais aujourd&#8217;hui je ne peux plus garder \u00e7a pour moi. Parfois, la plus grande v\u00e9rit\u00e9 de nos vies se cache sous la surface, attendant un moment inattendu pour appara\u00eetre. \u00c7a a commenc\u00e9 il y a quelques semaines. J&#8217;\u00e9tais en train de nettoyer le &#8230; <a title=\"Les Musiques du Silence\" class=\"read-more\" href=\"https:\/\/medialur.com\/?p=84990\" aria-label=\"Read more about Les Musiques du Silence\">Read more<\/a><\/p>\n","protected":false},"author":6,"featured_media":84991,"comment_status":"","ping_status":"","sticky":false,"template":"","format":"standard","meta":{"footnotes":""},"categories":[1],"tags":[],"class_list":["post-84990","post","type-post","status-publish","format-standard","has-post-thumbnail","hentry","category-uncategorized"],"views":163,"_links":{"self":[{"href":"https:\/\/medialur.com\/index.php?rest_route=\/wp\/v2\/posts\/84990","targetHints":{"allow":["GET"]}}],"collection":[{"href":"https:\/\/medialur.com\/index.php?rest_route=\/wp\/v2\/posts"}],"about":[{"href":"https:\/\/medialur.com\/index.php?rest_route=\/wp\/v2\/types\/post"}],"author":[{"embeddable":true,"href":"https:\/\/medialur.com\/index.php?rest_route=\/wp\/v2\/users\/6"}],"replies":[{"embeddable":true,"href":"https:\/\/medialur.com\/index.php?rest_route=%2Fwp%2Fv2%2Fcomments&post=84990"}],"version-history":[{"count":0,"href":"https:\/\/medialur.com\/index.php?rest_route=\/wp\/v2\/posts\/84990\/revisions"}],"wp:featuredmedia":[{"embeddable":true,"href":"https:\/\/medialur.com\/index.php?rest_route=\/wp\/v2\/media\/84991"}],"wp:attachment":[{"href":"https:\/\/medialur.com\/index.php?rest_route=%2Fwp%2Fv2%2Fmedia&parent=84990"}],"wp:term":[{"taxonomy":"category","embeddable":true,"href":"https:\/\/medialur.com\/index.php?rest_route=%2Fwp%2Fv2%2Fcategories&post=84990"},{"taxonomy":"post_tag","embeddable":true,"href":"https:\/\/medialur.com\/index.php?rest_route=%2Fwp%2Fv2%2Ftags&post=84990"}],"curies":[{"name":"wp","href":"https:\/\/api.w.org\/{rel}","templated":true}]}}