{"id":84980,"date":"2025-05-13T09:28:11","date_gmt":"2025-05-13T05:28:11","guid":{"rendered":"https:\/\/medialur.com\/les-ombres-du-jardin\/"},"modified":"2025-05-13T09:28:11","modified_gmt":"2025-05-13T05:28:11","slug":"les-ombres-du-jardin","status":"publish","type":"post","link":"https:\/\/medialur.com\/?p=84980","title":{"rendered":"Les ombres du jardin"},"content":{"rendered":"<p>Je ne sais pas vraiment pourquoi je ressens le besoin de partager cela ici. Peut-\u00eatre parce que les mots \u00e9crits ont une fa\u00e7on de lib\u00e9rer les \u00e9motions, de les laisser s&#8217;\u00e9chapper comme une feuille port\u00e9e par le vent. Je suis assis dans le vieux fauteuil de ma grand-m\u00e8re, celui qui grince \u00e0 chaque mouvement, et je regarde ce jardin qui a \u00e9t\u00e9 le th\u00e9\u00e2tre de tant de mes souvenirs d&#8217;enfance. C&#8217;est ici que commence mon histoire, ou peut-\u00eatre o\u00f9 elle s&#8217;est toujours trouv\u00e9e.<\/p>\n<p>Il y a quelques semaines, j&#8217;ai \u00e9t\u00e9 forc\u00e9 de ranger des affaires apr\u00e8s le d\u00e9c\u00e8s de ma grand-m\u00e8re. Elle \u00e9tait la pierre angulaire de ma vie, la pr\u00e9sence douce et constante dans un monde souvent chaotique. En fouillant \u00e0 travers ses affaires, je suis tomb\u00e9 sur une bo\u00eete en bois que je n&#8217;avais jamais vue auparavant, cach\u00e9e derri\u00e8re de vieux albums de photos. Elle \u00e9tait couverte de poussi\u00e8re, mais quelque chose m&#8217;a pouss\u00e9 \u00e0 l&#8217;ouvrir.<\/p>\n<p>\u00c0 l&#8217;int\u00e9rieur, il y avait un ensemble de lettres, soigneusement li\u00e9es par un ruban vieilli. Elles \u00e9taient adress\u00e9es \u00e0 moi, des mots que ma grand-m\u00e8re n&#8217;avait jamais eu l&#8217;opportunit\u00e9 ou le courage de partager en personne. La premi\u00e8re lettre commen\u00e7ait par une confession douce et tremblante. Elle me racontait l&#8217;histoire de ses propres r\u00eaves, des r\u00eaves qu&#8217;elle avait mis de c\u00f4t\u00e9 pour \u00e9lever ma m\u00e8re seule, apr\u00e8s le d\u00e9part de mon grand-p\u00e8re.<\/p>\n<p>Chaque lettre r\u00e9v\u00e9lait un fragment de sa vie inconnue, une jeune femme ambitieuse qui avait toujours voulu \u00eatre \u00e9crivaine. Elle avait \u00e9crit des histoires, des po\u00e8mes, des r\u00e9cits de voyage, qu&#8217;elle avait tous \u00e9cart\u00e9s pour assumer un r\u00f4le qu&#8217;elle n&#8217;avait pas choisi, mais qu&#8217;elle avait pris avec dignit\u00e9 et amour.<\/p>\n<p>Et puis, parmi les lettres, il y avait un carnet. Le cuir \u00e9tait us\u00e9, ses pages remplies de ses r\u00e9flexions, de ses espoirs, de ses regrets aussi. C&#8217;est en lisant ce carnet que j&#8217;ai d\u00e9couvert cette v\u00e9rit\u00e9-l\u00e0 qui m&#8217;a frapp\u00e9 en plein c\u0153ur : ma grand-m\u00e8re avait cach\u00e9 une partie de ses r\u00eaves, non par honte ou par regret, mais pour nous, pour que nous puissions vivre les n\u00f4tres.<\/p>\n<p>Ce fut comme si une porte s&#8217;ouvrait dans mon esprit, r\u00e9v\u00e9lant des couloirs que je n&#8217;avais jamais explor\u00e9s. J&#8217;ai r\u00e9alis\u00e9 que mon propre chemin, mes propres ambitions, avaient toujours \u00e9t\u00e9 guid\u00e9s silencieusement par l&#8217;exemple de ma grand-m\u00e8re. Elle avait apport\u00e9 \u00e0 sa vie une beaut\u00e9 et une profondeur que je n&#8217;avais jamais su appr\u00e9cier compl\u00e8tement.<\/p>\n<p>La d\u00e9couverte de ses \u00e9crits m&#8217;a plong\u00e9 dans une r\u00e9flexion profonde sur les sacrifices que l&#8217;on fait pour la famille, sur les r\u00eaves diff\u00e9r\u00e9s et parfois abandonn\u00e9s. J&#8217;ai ressenti une gratitude immense pour tout ce qu&#8217;elle avait fait. Mais aussi, une envie irr\u00e9sistible de redonner vie \u00e0 ses r\u00e9cits, de les partager avec le monde pour qu&#8217;elle puisse, \u00e0 travers moi, r\u00e9aliser un peu de son r\u00eave.<\/p>\n<p>J&#8217;ai commenc\u00e9 \u00e0 transcrire ses histoires, \u00e0 leur donner une voix pour la premi\u00e8re fois. Mon c\u0153ur, autrefois lourd de chagrin, s&#8217;est lentement rempli de lumi\u00e8re et de paix, refl\u00e9tant l&#8217;amour silencieux de ma grand-m\u00e8re.<\/p>\n<p>Aujourd&#8217;hui, je me tiens ici, dans ce jardin, et je vois non seulement le pass\u00e9 mais aussi le futur. Les fleurs qu&#8217;elle a plant\u00e9es continuent de fleurir, tout comme son h\u00e9ritage. Un h\u00e9ritage qui ne se mesure pas seulement en souvenirs, mais aussi en espoirs et en r\u00eaves partag\u00e9s.<\/p>\n<p>Je ne sais pas si vous, chers lecteurs, ressentez parfois les ombres des r\u00eaves non r\u00e9alis\u00e9s autour de vous, mais je vous encourage \u00e0 les \u00e9couter. Peut-\u00eatre d\u00e9couvririez-vous que ces ombres d\u00e9tiennent la cl\u00e9 d&#8217;un amour profond et \u00e9ternel.<\/p>\n<p>Merci de m&#8217;avoir lu et de parcourir ce voyage avec moi.<\/p>\n","protected":false},"excerpt":{"rendered":"<p>Je ne sais pas vraiment pourquoi je ressens le besoin de partager cela ici. Peut-\u00eatre parce que les mots \u00e9crits ont une fa\u00e7on de lib\u00e9rer les \u00e9motions, de les laisser s&#8217;\u00e9chapper comme une feuille port\u00e9e par le vent. Je suis assis dans le vieux fauteuil de ma grand-m\u00e8re, celui qui grince \u00e0 chaque mouvement, et &#8230; <a title=\"Les ombres du jardin\" class=\"read-more\" href=\"https:\/\/medialur.com\/?p=84980\" aria-label=\"Read more about Les ombres du jardin\">Read more<\/a><\/p>\n","protected":false},"author":10,"featured_media":84981,"comment_status":"","ping_status":"","sticky":false,"template":"","format":"standard","meta":{"footnotes":""},"categories":[1],"tags":[],"class_list":["post-84980","post","type-post","status-publish","format-standard","has-post-thumbnail","hentry","category-uncategorized"],"views":149,"_links":{"self":[{"href":"https:\/\/medialur.com\/index.php?rest_route=\/wp\/v2\/posts\/84980","targetHints":{"allow":["GET"]}}],"collection":[{"href":"https:\/\/medialur.com\/index.php?rest_route=\/wp\/v2\/posts"}],"about":[{"href":"https:\/\/medialur.com\/index.php?rest_route=\/wp\/v2\/types\/post"}],"author":[{"embeddable":true,"href":"https:\/\/medialur.com\/index.php?rest_route=\/wp\/v2\/users\/10"}],"replies":[{"embeddable":true,"href":"https:\/\/medialur.com\/index.php?rest_route=%2Fwp%2Fv2%2Fcomments&post=84980"}],"version-history":[{"count":0,"href":"https:\/\/medialur.com\/index.php?rest_route=\/wp\/v2\/posts\/84980\/revisions"}],"wp:featuredmedia":[{"embeddable":true,"href":"https:\/\/medialur.com\/index.php?rest_route=\/wp\/v2\/media\/84981"}],"wp:attachment":[{"href":"https:\/\/medialur.com\/index.php?rest_route=%2Fwp%2Fv2%2Fmedia&parent=84980"}],"wp:term":[{"taxonomy":"category","embeddable":true,"href":"https:\/\/medialur.com\/index.php?rest_route=%2Fwp%2Fv2%2Fcategories&post=84980"},{"taxonomy":"post_tag","embeddable":true,"href":"https:\/\/medialur.com\/index.php?rest_route=%2Fwp%2Fv2%2Ftags&post=84980"}],"curies":[{"name":"wp","href":"https:\/\/api.w.org\/{rel}","templated":true}]}}