{"id":84672,"date":"2025-05-12T04:51:11","date_gmt":"2025-05-12T00:51:11","guid":{"rendered":"https:\/\/medialur.com\/leclat-cache-dune-broche\/"},"modified":"2025-05-12T04:51:11","modified_gmt":"2025-05-12T00:51:11","slug":"leclat-cache-dune-broche","status":"publish","type":"post","link":"https:\/\/medialur.com\/?p=84672","title":{"rendered":"L&#8217;\u00e9clat cach\u00e9 d&#8217;une broche"},"content":{"rendered":"<p>Il y a quelque chose d&#8217;\u00e9trange \u00e0 admettre des v\u00e9rit\u00e9s si profond\u00e9ment ancr\u00e9es qu&#8217;elles se cachent derri\u00e8re des ann\u00e9es de silence. Aujourd&#8217;hui, je vous confie une d\u00e9couverte qui a boulevers\u00e9 mon existence, une v\u00e9rit\u00e9 que j&#8217;ai d\u00e9couverte par hasard gr\u00e2ce \u00e0 un objet que je consid\u00e9rais comme insignifiant.<\/p>\n<p>C&#8217;\u00e9tait un dimanche pluvieux, de ceux qui vous enveloppent d&#8217;une m\u00e9lancolie douce mais pesante. Je fouillais dans une ancienne bo\u00eete \u00e0 bijoux h\u00e9rit\u00e9e de ma grand-m\u00e8re. Elle avait toujours dit que cette bo\u00eete contenait des souvenirs pr\u00e9cieux, mais pour moi, elle n&#8217;\u00e9tait qu&#8217;un assemblage de vieilles babioles et de bibelots ternis par le temps.<\/p>\n<p>Alors que le tic-tac de l&#8217;horloge murale marquait les secondes de mani\u00e8re presque hypnotique, mes doigts se referm\u00e8rent sur une broche. Ce n&#8217;\u00e9tait pas une pi\u00e8ce d&#8217;une valeur exceptionnelle, simplement une vieille broche en argent, avec une pierre bleue au centre, taill\u00e9e grossi\u00e8rement mais qui avait son propre charme. Je ne l&#8217;avais jamais vraiment remarqu\u00e9e auparavant.<\/p>\n<p>En la regardant de plus pr\u00e8s, un sentiment \u00e9trange se glissa en moi. Il y avait une inscription \u00e0 l&#8217;arri\u00e8re, presque effac\u00e9e : &#8220;\u00c0 ma lumi\u00e8re.&#8221; Ces mots portaient une r\u00e9sonance qui vibrait en moi avec une intensit\u00e9 inattendue.<\/p>\n<p>Je me suis mise \u00e0 pleurer, sans pouvoir m&#8217;en emp\u00eacher. Je ne comprenais pas pourquoi cette simple phrase m&#8217;affectait autant. Comment une broche, un objet si ordinaire, pouvait d\u00e9clencher une telle vague d&#8217;\u00e9motion ?<\/p>\n<p>J&#8217;ai appel\u00e9 ma m\u00e8re, esp\u00e9rant qu&#8217;elle pourrait m&#8217;\u00e9clairer sur cette myst\u00e9rieuse inscription. Sa voix contenait cette chaleur habituelle, mais aussi une certaine h\u00e9sitation.<\/p>\n<p>\u00ab Maman, tu connais cette broche ? Celle avec la pierre bleue et l&#8217;inscription ? \u00bb<\/p>\n<p>Elle a pris une longue pause avant de r\u00e9pondre, comme si elle pesait ses mots avec soin.<\/p>\n<p>\u00ab Oui, ma ch\u00e9rie, je la connais. Elle appartenait \u00e0 ta grand-m\u00e8re. Elle disait toujours que cette broche lui avait \u00e9t\u00e9 offerte par son grand amour, un amour qu&#8217;elle n&#8217;a jamais pu vivre pleinement. \u00bb<\/p>\n<p>Je suis rest\u00e9e silencieuse, essayant d&#8217;assimiler ces informations. Je n&#8217;avais jamais entendu parler d&#8217;un tel amour dans sa vie. Pour nous, elle \u00e9tait cette femme forte et ind\u00e9pendante, une veuve depuis ses trente ans.<\/p>\n<p>\u00ab Pourquoi ne m&#8217;en a-t-elle jamais parl\u00e9 ? \u00bb ai-je demand\u00e9, presque accabl\u00e9e par cette nouvelle r\u00e9v\u00e9lation.<\/p>\n<p>\u00ab Ta grand-m\u00e8re avait ses secrets, comme nous tous. Peut-\u00eatre pensait-elle que cet amour \u00e9tait trop douloureux \u00e0 partager, ou qu&#8217;il appartenait \u00e0 une autre vie, \u00e0 un autre temps. \u00bb<\/p>\n<p>Je me suis assise, laissant mes pens\u00e9es s&#8217;enchev\u00eatrer autour de cette id\u00e9e d&#8217;un amour cach\u00e9, si grand qu&#8217;il n&#8217;\u00e9tait connu que d&#8217;elle et de celui qui l&#8217;avait aim\u00e9e. En tenant cette broche, en lisant les mots grav\u00e9s \u00e0 jamais dans le m\u00e9tal, j&#8217;ai r\u00e9alis\u00e9 \u00e0 quel point j&#8217;avais ignor\u00e9 une partie essentielle de sa vie.<\/p>\n<p>Des souvenirs d&#8217;elle sont remont\u00e9s \u00e0 la surface, les moments o\u00f9 elle regardait par la fen\u00eatre avec ce regard perdu que je prenais pour de la contemplation. Peut-\u00eatre pensait-elle \u00e0 lui, \u00e0 cet amour secret qui l&#8217;avait accompagn\u00e9e jusqu&#8217;\u00e0 la fin de ses jours.<\/p>\n<p>Cette d\u00e9couverte m&#8217;a ouvert les yeux sur la complexit\u00e9 des gens que nous aimons. Nous ne connaissons jamais pleinement l&#8217;histoire des autres, m\u00eame ceux qui nous sont les plus proches. J&#8217;ai commenc\u00e9 \u00e0 comprendre que les silences de ma grand-m\u00e8re n&#8217;\u00e9taient pas des murs infranchissables mais des tr\u00e9sors enfouis.<\/p>\n<p>En repensant \u00e0 mes propres secrets, \u00e0 mes propres silences, je me suis demand\u00e9 ce que je cacherais \u00e0 mes enfants, \u00e0 mes petits-enfants. J&#8217;ai pris conscience que certaines v\u00e9rit\u00e9s ne sont pas faites pour \u00eatre partag\u00e9es mais pour \u00eatre ressenties, qu&#8217;elles fa\u00e7onnent notre vie en silence.<\/p>\n<p>J&#8217;ai replac\u00e9 la broche dans la bo\u00eete \u00e0 bijoux, mais cette fois, avec un respect renouvel\u00e9. Elle n&#8217;\u00e9tait plus simplement une vieille babiole, mais le symbole de l&#8217;amour intemporel de ma grand-m\u00e8re, une partie ind\u00e9l\u00e9bile de son existence.<\/p>\n<p>J&#8217;ai d\u00e9cid\u00e9 de vivre ma vie avec authenticit\u00e9, de ne pas laisser des mots non-dits encombrer mon c\u0153ur. Peut-\u00eatre que ma grand-m\u00e8re, quelque part, avait trouv\u00e9 paix et r\u00e9confort dans le souvenir de cet amour, et peut-\u00eatre que je pourrais, moi aussi, trouver la m\u00eame paix en acceptant les v\u00e9rit\u00e9s de mon c\u0153ur.<\/p>\n<p>En partageant cela avec vous, j&#8217;esp\u00e8re que cette histoire vous incitera \u00e0 regarder au-del\u00e0 des apparences, \u00e0 d\u00e9couvrir les v\u00e9rit\u00e9s cach\u00e9es autour de vous, celles qui attendent simplement d&#8217;\u00eatre trouv\u00e9es dans les objets les plus anodins.<\/p>\n","protected":false},"excerpt":{"rendered":"<p>Il y a quelque chose d&#8217;\u00e9trange \u00e0 admettre des v\u00e9rit\u00e9s si profond\u00e9ment ancr\u00e9es qu&#8217;elles se cachent derri\u00e8re des ann\u00e9es de silence. Aujourd&#8217;hui, je vous confie une d\u00e9couverte qui a boulevers\u00e9 mon existence, une v\u00e9rit\u00e9 que j&#8217;ai d\u00e9couverte par hasard gr\u00e2ce \u00e0 un objet que je consid\u00e9rais comme insignifiant. C&#8217;\u00e9tait un dimanche pluvieux, de ceux qui &#8230; <a title=\"L&#8217;\u00e9clat cach\u00e9 d&#8217;une broche\" class=\"read-more\" href=\"https:\/\/medialur.com\/?p=84672\" aria-label=\"Read more about L&#8217;\u00e9clat cach\u00e9 d&#8217;une broche\">Read more<\/a><\/p>\n","protected":false},"author":13,"featured_media":84673,"comment_status":"","ping_status":"","sticky":false,"template":"","format":"standard","meta":{"footnotes":""},"categories":[1],"tags":[],"class_list":["post-84672","post","type-post","status-publish","format-standard","has-post-thumbnail","hentry","category-uncategorized"],"views":205,"_links":{"self":[{"href":"https:\/\/medialur.com\/index.php?rest_route=\/wp\/v2\/posts\/84672","targetHints":{"allow":["GET"]}}],"collection":[{"href":"https:\/\/medialur.com\/index.php?rest_route=\/wp\/v2\/posts"}],"about":[{"href":"https:\/\/medialur.com\/index.php?rest_route=\/wp\/v2\/types\/post"}],"author":[{"embeddable":true,"href":"https:\/\/medialur.com\/index.php?rest_route=\/wp\/v2\/users\/13"}],"replies":[{"embeddable":true,"href":"https:\/\/medialur.com\/index.php?rest_route=%2Fwp%2Fv2%2Fcomments&post=84672"}],"version-history":[{"count":0,"href":"https:\/\/medialur.com\/index.php?rest_route=\/wp\/v2\/posts\/84672\/revisions"}],"wp:featuredmedia":[{"embeddable":true,"href":"https:\/\/medialur.com\/index.php?rest_route=\/wp\/v2\/media\/84673"}],"wp:attachment":[{"href":"https:\/\/medialur.com\/index.php?rest_route=%2Fwp%2Fv2%2Fmedia&parent=84672"}],"wp:term":[{"taxonomy":"category","embeddable":true,"href":"https:\/\/medialur.com\/index.php?rest_route=%2Fwp%2Fv2%2Fcategories&post=84672"},{"taxonomy":"post_tag","embeddable":true,"href":"https:\/\/medialur.com\/index.php?rest_route=%2Fwp%2Fv2%2Ftags&post=84672"}],"curies":[{"name":"wp","href":"https:\/\/api.w.org\/{rel}","templated":true}]}}