{"id":84668,"date":"2025-05-12T04:34:42","date_gmt":"2025-05-12T00:34:42","guid":{"rendered":"https:\/\/medialur.com\/les-ombres-du-passe-6\/"},"modified":"2025-05-12T04:34:42","modified_gmt":"2025-05-12T00:34:42","slug":"les-ombres-du-passe-6","status":"publish","type":"post","link":"https:\/\/medialur.com\/?p=84668","title":{"rendered":"Les Ombres du Pass\u00e9"},"content":{"rendered":"<p>Bonjour \u00e0 tous,<\/p>\n<p>Aujourd&#8217;hui, je partage quelque chose qui m&#8217;a boulevers\u00e9e r\u00e9cemment. C&#8217;est une confession que je ne pensais jamais avoir \u00e0 faire, mais pourtant me voil\u00e0, devant vous, \u00e0 vider mon c\u0153ur.<\/p>\n<p>Tout a commenc\u00e9 il y a quelques semaines. J&#8217;\u00e9tais chez mes parents pour vider le grenier. Une t\u00e2che que je repoussais depuis des ann\u00e9es. Rien d&#8217;extraordinaire, juste des cartons poussi\u00e9reux et des tr\u00e9sors oubli\u00e9s de mon enfance. C&#8217;est l\u00e0 que je suis tomb\u00e9e sur une vieille bo\u00eete \u00e0 chaussures recouverte de ruban adh\u00e9sif jauni.<\/p>\n<p>\u00c0 l&#8217;int\u00e9rieur, il y avait des lettres. Le genre de lettres que l&#8217;on \u00e9crit mais que l&#8217;on ne poste jamais, comme une bouteille \u00e0 la mer que personne n&#8217;ouvrira. Toutes adress\u00e9es \u00e0 une certaine \u00c9lise. Je n&#8217;avais jamais entendu ce nom auparavant, ni dans les histoires de famille, ni dans les anecdotes que mes parents aimaient raconter aux repas de f\u00eates. Pourtant, les lettres \u00e9taient \u00e9crites de la main de ma m\u00e8re.<\/p>\n<p>Mon c\u0153ur s&#8217;est serr\u00e9 \u00e0 l&#8217;id\u00e9e de lire quelque chose de si intime, mais une force inexplicable m&#8217;a pouss\u00e9e \u00e0 continuer. Les mots refl\u00e9taient un monde secret, une douleur cach\u00e9e derri\u00e8re une vie apparemment ordinaire. \u00c9lise \u00e9tait sa s\u0153ur. Une s\u0153ur dont je n&#8217;avais jamais entendu parler.<\/p>\n<p>Une lettre particuli\u00e8re, dat\u00e9e du 12 avril 1980, \u00e9tait marqu\u00e9e par des larmes s\u00e9ch\u00e9es. Elle parlait d&#8217;une dispute irr\u00e9parable, d&#8217;une incompr\u00e9hension si profonde qu&#8217;elle avait conduit \u00e0 une rupture d\u00e9finitive. Ma m\u00e8re avait perdu sa s\u0153ur, pas par la mort, mais par le silence.<\/p>\n<p>En lisant ces mots, je me suis sentie trahie et en m\u00eame temps, j&#8217;ai eu piti\u00e9. Pourquoi ma m\u00e8re avait-elle choisi de cacher cette partie de sa vie ? Peut-\u00eatre par honte, peut-\u00eatre pour se prot\u00e9ger, ou peut-\u00eatre pour prot\u00e9ger une enfant qui ne comprendrait pas.<\/p>\n<p>Je me suis retrouv\u00e9e \u00e0 pleurer dans ce grenier, la bo\u00eete serr\u00e9e contre moi comme un talisman. Je sentais la douleur de ma m\u00e8re, une douleur que j&#8217;avais ressentie souvent sans en conna\u00eetre la source. Un sentiment de vide, de quelque chose de toujours inachev\u00e9.<\/p>\n<p>Je n&#8217;ai pas pu attendre de lui en parler. Lorsque je suis descendue, les lettres en main, je suis all\u00e9e droit vers elle. Mes mots \u00e9taient peu nombreux, mais mon regard en disait long. Ma m\u00e8re a imm\u00e9diatement compris.<\/p>\n<p>Elle a pris la bo\u00eete, l&#8217;a serr\u00e9e contre elle, et j&#8217;ai vu ses \u00e9paules s&#8217;affaisser sous le poids des ann\u00e9es de silence. &#8220;Je suis d\u00e9sol\u00e9e,&#8221; m&#8217;a-t-elle simplement dit. Sa voix \u00e9tait tremblante, comme bris\u00e9e par le poids des mots qu&#8217;elle n&#8217;avait jamais prononc\u00e9s.<\/p>\n<p>Nous avons pass\u00e9 le reste de l&#8217;apr\u00e8s-midi \u00e0 parler. Elle m&#8217;a racont\u00e9 l&#8217;histoire d&#8217;\u00c9lise, leur complicit\u00e9, leur dispute. La douleur de la perdre, de vivre sans elle et de ne jamais avoir pu se r\u00e9concilier. Chaque mot \u00e9tait une lib\u00e9ration, une v\u00e9rit\u00e9 qui se red\u00e9couvrait.<\/p>\n<p>Pour la premi\u00e8re fois, j&#8217;ai vu ma m\u00e8re sous un autre jour. Plus humaine, vuln\u00e9rable, mais incroyablement forte. En partageant ces lettres, elle m&#8217;a offert une partie d&#8217;elle-m\u00eame que je n&#8217;avais jamais connue. Et en retour, j&#8217;ai trouv\u00e9 une nouvelle fa\u00e7on de l&#8217;aimer.<\/p>\n<p>Ce secret, bien que douloureux, nous a rapproch\u00e9es. J&#8217;ai pu voir au-del\u00e0 des apparences, comprendre les blessures de son c\u0153ur et les miennes.<\/p>\n<p>En fin de compte, cette bo\u00eete \u00e0 chaussures, ce simple objet, a chang\u00e9 notre relation et m&#8217;a permis de d\u00e9couvrir la v\u00e9rit\u00e9 derri\u00e8re les ombres du pass\u00e9.<\/p>\n<p>Merci de m&#8217;avoir lue, et j&#8217;esp\u00e8re que partager cela aidera peut-\u00eatre d&#8217;autres \u00e0 faire face \u00e0 leurs propres secrets.<\/p>\n<p>Avec amour et reconnaissance,<\/p>\n<p>Marie<\/p>\n","protected":false},"excerpt":{"rendered":"<p>Bonjour \u00e0 tous, Aujourd&#8217;hui, je partage quelque chose qui m&#8217;a boulevers\u00e9e r\u00e9cemment. C&#8217;est une confession que je ne pensais jamais avoir \u00e0 faire, mais pourtant me voil\u00e0, devant vous, \u00e0 vider mon c\u0153ur. Tout a commenc\u00e9 il y a quelques semaines. J&#8217;\u00e9tais chez mes parents pour vider le grenier. Une t\u00e2che que je repoussais depuis &#8230; <a title=\"Les Ombres du Pass\u00e9\" class=\"read-more\" href=\"https:\/\/medialur.com\/?p=84668\" aria-label=\"Read more about Les Ombres du Pass\u00e9\">Read more<\/a><\/p>\n","protected":false},"author":10,"featured_media":84669,"comment_status":"","ping_status":"","sticky":false,"template":"","format":"standard","meta":{"footnotes":""},"categories":[1],"tags":[],"class_list":["post-84668","post","type-post","status-publish","format-standard","has-post-thumbnail","hentry","category-uncategorized"],"views":184,"_links":{"self":[{"href":"https:\/\/medialur.com\/index.php?rest_route=\/wp\/v2\/posts\/84668","targetHints":{"allow":["GET"]}}],"collection":[{"href":"https:\/\/medialur.com\/index.php?rest_route=\/wp\/v2\/posts"}],"about":[{"href":"https:\/\/medialur.com\/index.php?rest_route=\/wp\/v2\/types\/post"}],"author":[{"embeddable":true,"href":"https:\/\/medialur.com\/index.php?rest_route=\/wp\/v2\/users\/10"}],"replies":[{"embeddable":true,"href":"https:\/\/medialur.com\/index.php?rest_route=%2Fwp%2Fv2%2Fcomments&post=84668"}],"version-history":[{"count":0,"href":"https:\/\/medialur.com\/index.php?rest_route=\/wp\/v2\/posts\/84668\/revisions"}],"wp:featuredmedia":[{"embeddable":true,"href":"https:\/\/medialur.com\/index.php?rest_route=\/wp\/v2\/media\/84669"}],"wp:attachment":[{"href":"https:\/\/medialur.com\/index.php?rest_route=%2Fwp%2Fv2%2Fmedia&parent=84668"}],"wp:term":[{"taxonomy":"category","embeddable":true,"href":"https:\/\/medialur.com\/index.php?rest_route=%2Fwp%2Fv2%2Fcategories&post=84668"},{"taxonomy":"post_tag","embeddable":true,"href":"https:\/\/medialur.com\/index.php?rest_route=%2Fwp%2Fv2%2Ftags&post=84668"}],"curies":[{"name":"wp","href":"https:\/\/api.w.org\/{rel}","templated":true}]}}