{"id":84541,"date":"2025-05-11T16:41:16","date_gmt":"2025-05-11T12:41:16","guid":{"rendered":"https:\/\/medialur.com\/le-temps-retrouve\/"},"modified":"2025-05-11T16:41:16","modified_gmt":"2025-05-11T12:41:16","slug":"le-temps-retrouve","status":"publish","type":"post","link":"https:\/\/medialur.com\/?p=84541","title":{"rendered":"Le Temps Retrouv\u00e9"},"content":{"rendered":"<p>Dans une petite ville endormie du sud de la France, un march\u00e9 anim\u00e9 se tenait chaque samedi matin, baignant la place principale de couleurs vives et de parfums all\u00e9chants. C&#8217;\u00e9tait un de ces matins de septembre, o\u00f9 l&#8217;air avait encore une douceur estivale malgr\u00e9 les feuilles qui commen\u00e7aient \u00e0 rougir. Les \u00e9tals offraient fruits, l\u00e9gumes, fromages, et l&#8217;on pouvait m\u00eame trouver quelques bibelots faits main.<\/p>\n<p>Clara avan\u00e7ait lentement entre les rang\u00e9es, son panier se remplissant petit \u00e0 petit. Elle avait quitt\u00e9 la ville il y a des ann\u00e9es, et son retour r\u00e9cent avait \u00e9t\u00e9 empreint d&#8217;une certaine appr\u00e9hension. Elle avait besoin de se retrouver, et ce march\u00e9 de son enfance \u00e9tait un point de d\u00e9part. <\/p>\n<p>Elle s&#8217;arr\u00eata devant un stand proposant de vieilles cartes postales et photographies en noir et blanc. Tandis qu&#8217;elle les feuilletait, absorb\u00e9e par ces images d&#8217;un temps qu&#8217;elle n&#8217;avait pas connu, une voix h\u00e9sitante s&#8217;\u00e9leva derri\u00e8re elle. \u00ab Clara? Est-ce bien toi? \u00bb La voix \u00e9tait \u00e0 la fois \u00e9trang\u00e8re et famili\u00e8re, comme une chanson oubli\u00e9e.<\/p>\n<p>Elle se retourna lentement et se retrouva face \u00e0 un homme d&#8217;une cinquantaine d&#8217;ann\u00e9es, son visage un livre d&#8217;histoires v\u00e9cu, marqu\u00e9 par le temps mais encore reconnaissable. C&#8217;\u00e9tait Julien, son ami d&#8217;enfance, celui avec qui elle partageait des \u00e9t\u00e9s infinis, couronn\u00e9e de couronnes de pissenlit et de promesses d&#8217;amiti\u00e9 \u00e9ternelle.<\/p>\n<p>\u00ab Julien&#8230; \u00bb r\u00e9pondit-elle, son propre nom r\u00e9sonnant comme une brise lointaine.<\/p>\n<p>Ils rest\u00e8rent silencieux un moment, un silence lourd de souvenirs et de non-dits. Que pouvait-on dire apr\u00e8s tant d&#8217;ann\u00e9es? Les mots semblaient \u00e0 la fois trop banals et trop pr\u00e9cieux.<\/p>\n<p>Ils d\u00e9cid\u00e8rent de marcher ensemble, prenant un caf\u00e9 dans un bistrot \u00e0 l&#8217;ombre des platanes. L&#8217;atmosph\u00e8re \u00e9tait douce, presque irr\u00e9elle, le pass\u00e9 se m\u00ealant au pr\u00e9sent en une \u00e9trange alchimie.<\/p>\n<p>\u00ab Que deviens-tu? \u00bb demanda-t-il enfin, la voix empreinte d&#8217;une curiosit\u00e9 sinc\u00e8re.<\/p>\n<p>\u00ab Oh, tu sais, la vie est pass\u00e9e \u00bb, r\u00e9pondit-elle en haussant les \u00e9paules, un sourire triste aux l\u00e8vres. \u00ab J&#8217;ai v\u00e9cu \u00e0 Paris un temps, puis \u00e0 Berlin. J&#8217;ai travaill\u00e9 dans l&#8217;art, fait des expositions, mais&#8230; \u00bb<\/p>\n<p>\u00ab Mais? \u00bb<\/p>\n<p>\u00ab Mais j&#8217;avais besoin de revenir ici. Quelque chose en moi avait besoin de retrouver cet endroit, ces souvenirs&#8230; cette simplicit\u00e9. \u00bb<\/p>\n<p>Julien acquies\u00e7a, comprenant sans qu&#8217;elle ait besoin de l&#8217;expliquer. Lui-m\u00eame n&#8217;avait jamais quitt\u00e9 la ville, pr\u00e9f\u00e9rant la stabilit\u00e9 \u00e0 l&#8217;incertitude. Ils \u00e9chang\u00e8rent des souvenirs, se souvenant de jeux d&#8217;enfants, de disputes sans importance, de rires partag\u00e9s. Peu \u00e0 peu, l&#8217;inconfort initial s&#8217;estompa, laissant place \u00e0 une chaleur oubli\u00e9e.<\/p>\n<p>Puis, le silence revint, plus lourd cette fois. Clara brisa la glace avec douceur. \u00ab Pourquoi avons-nous cess\u00e9 de nous parler, Julien? \u00bb<\/p>\n<p>Il baissa les yeux, jouant avec sa tasse de caf\u00e9. \u00ab Je pense&#8230; que j&#8217;avais peur. Peur que le temps nous change trop. Et puis, apr\u00e8s un certain point, je ne savais plus comment reprendre contact. \u00bb<\/p>\n<p>Elle hocha la t\u00eate, comprenant \u00e0 quel point la fiert\u00e9 et la peur peuvent nous priver de tant de choses. \u00ab Je suis d\u00e9sol\u00e9e d&#8217;\u00eatre partie sans un mot \u00bb, dit-elle finalement.<\/p>\n<p>\u00ab Je suis d\u00e9sol\u00e9 de ne pas avoir essay\u00e9 de te retenir \u00bb, r\u00e9pondit-il.<\/p>\n<p>Ils \u00e9chang\u00e8rent un regard, charg\u00e9 d&#8217;une m\u00e9lancolie douce. Peut-\u00eatre que, par ce simple \u00e9change, les d\u00e9cennies de silence trouvaient une forme de r\u00e9demption.<\/p>\n<p>Ils pass\u00e8rent l&#8217;apr\u00e8s-midi ensemble, marchant le long de la rivi\u00e8re, leurs mots se transformant en confidences, en rires \u00e9touff\u00e9s. Et quand le soleil commen\u00e7a \u00e0 d\u00e9cliner, il \u00e9tait clair que quelque chose avait chang\u00e9, imperceptiblement, dans le silence qui s&#8217;\u00e9tait install\u00e9 entre eux.<\/p>\n<p>\u00c0 la fin de la journ\u00e9e, ils se quitt\u00e8rent sur le quai de la gare, promettant de se revoir bient\u00f4t, mais plus important encore, se promettant de ne plus laisser le silence les s\u00e9parer.<\/p>\n<p>Alors que le train s&#8217;annon\u00e7ait, ils rest\u00e8rent un moment sur le quai, se tenant l\u00e0 o\u00f9 les ombres s&#8217;allongeaient. Une brise l\u00e9g\u00e8re jouait avec les cheveux de Clara, et Julien lui fit un signe de la main, un sourire aux l\u00e8vres.<\/p>\n<p>Clara le regarda s&#8217;\u00e9loigner, se sentant plus l\u00e9g\u00e8re, comme si un poids avait \u00e9t\u00e9 lev\u00e9. Elle savait que rien ne serait jamais tout \u00e0 fait comme avant, mais elle \u00e9tait pr\u00eate \u00e0 embrasser cette nouvelle complicit\u00e9 retrouv\u00e9e.<\/p>\n<p>Et tandis que le train s&#8217;\u00e9loignait dans la lumi\u00e8re du cr\u00e9puscule, elle resta l\u00e0, savourant cet instant suspendu, avant de tourner le dos \u00e0 la gare pour rentrer chez elle, un sourire imperceptible \u00e9clairant son visage.<\/p>\n","protected":false},"excerpt":{"rendered":"<p>Dans une petite ville endormie du sud de la France, un march\u00e9 anim\u00e9 se tenait chaque samedi matin, baignant la place principale de couleurs vives et de parfums all\u00e9chants. C&#8217;\u00e9tait un de ces matins de septembre, o\u00f9 l&#8217;air avait encore une douceur estivale malgr\u00e9 les feuilles qui commen\u00e7aient \u00e0 rougir. Les \u00e9tals offraient fruits, l\u00e9gumes, &#8230; <a title=\"Le Temps Retrouv\u00e9\" class=\"read-more\" href=\"https:\/\/medialur.com\/?p=84541\" aria-label=\"Read more about Le Temps Retrouv\u00e9\">Read more<\/a><\/p>\n","protected":false},"author":12,"featured_media":84542,"comment_status":"","ping_status":"","sticky":false,"template":"","format":"standard","meta":{"footnotes":""},"categories":[1],"tags":[],"class_list":["post-84541","post","type-post","status-publish","format-standard","has-post-thumbnail","hentry","category-uncategorized"],"views":201,"_links":{"self":[{"href":"https:\/\/medialur.com\/index.php?rest_route=\/wp\/v2\/posts\/84541","targetHints":{"allow":["GET"]}}],"collection":[{"href":"https:\/\/medialur.com\/index.php?rest_route=\/wp\/v2\/posts"}],"about":[{"href":"https:\/\/medialur.com\/index.php?rest_route=\/wp\/v2\/types\/post"}],"author":[{"embeddable":true,"href":"https:\/\/medialur.com\/index.php?rest_route=\/wp\/v2\/users\/12"}],"replies":[{"embeddable":true,"href":"https:\/\/medialur.com\/index.php?rest_route=%2Fwp%2Fv2%2Fcomments&post=84541"}],"version-history":[{"count":0,"href":"https:\/\/medialur.com\/index.php?rest_route=\/wp\/v2\/posts\/84541\/revisions"}],"wp:featuredmedia":[{"embeddable":true,"href":"https:\/\/medialur.com\/index.php?rest_route=\/wp\/v2\/media\/84542"}],"wp:attachment":[{"href":"https:\/\/medialur.com\/index.php?rest_route=%2Fwp%2Fv2%2Fmedia&parent=84541"}],"wp:term":[{"taxonomy":"category","embeddable":true,"href":"https:\/\/medialur.com\/index.php?rest_route=%2Fwp%2Fv2%2Fcategories&post=84541"},{"taxonomy":"post_tag","embeddable":true,"href":"https:\/\/medialur.com\/index.php?rest_route=%2Fwp%2Fv2%2Ftags&post=84541"}],"curies":[{"name":"wp","href":"https:\/\/api.w.org\/{rel}","templated":true}]}}