{"id":84529,"date":"2025-05-11T15:37:57","date_gmt":"2025-05-11T11:37:57","guid":{"rendered":"https:\/\/medialur.com\/la-verite-cachee-dune-enveloppe-jaune\/"},"modified":"2025-05-11T15:37:57","modified_gmt":"2025-05-11T11:37:57","slug":"la-verite-cachee-dune-enveloppe-jaune","status":"publish","type":"post","link":"https:\/\/medialur.com\/?p=84529","title":{"rendered":"La V\u00e9rit\u00e9 Cach\u00e9e d&#8217;une Enveloppe Jaune"},"content":{"rendered":"<p>\ud83c\udf3f Salut tout le monde. Aujourd&#8217;hui, j&#8217;ai besoin de partager quelque chose de profond\u00e9ment personnel avec vous. C&#8217;est un peu comme sortir de l&#8217;ombre vers la lumi\u00e8re, et j&#8217;esp\u00e8re que mes mots se m\u00ealeront \u00e0 vos c\u0153urs avec tendresse et honn\u00eatet\u00e9.<\/p>\n<p>Il y a quelques jours, en rangeant le grenier poussi\u00e9reux de la maison familiale, je suis tomb\u00e9 sur une vieille bo\u00eete en carton. Vous savez, ce genre de bo\u00eete qu&#8217;on oublie presque, mais qui contient un monde en elle-m\u00eame. Elle \u00e9tait nich\u00e9e sous des piles de magazines d&#8217;un autre temps, et une vieille couverture tricot\u00e9e par ma grand-m\u00e8re.<\/p>\n<p>Au sommet de tout cela, il y avait une enveloppe jaune, l\u00e9g\u00e8rement froiss\u00e9e, avec mon pr\u00e9nom \u00e9crit dessus. L&#8217;\u00e9criture m&#8217;\u00e9tait famili\u00e8re mais lointaine, comme un souvenir d&#8217;enfance qu&#8217;on ne peut tout \u00e0 fait saisir. C&#8217;\u00e9tait celle de ma m\u00e8re.<\/p>\n<p>Avec le c\u0153ur battant, je l&#8217;ai ouverte. \u00c0 l&#8217;int\u00e9rieur, il y avait une lettre. Une lettre qu&#8217;elle m&#8217;avait \u00e9crite avant de partir, il y a dix ans de cela. Elle m&#8217;a quitt\u00e9 quand j&#8217;\u00e9tais tellement jeune, et j&#8217;ai pass\u00e9 des ann\u00e9es \u00e0 essayer de comprendre pourquoi elle \u00e9tait partie sans un mot.<\/p>\n<p>La lettre \u00e9tait une confession, une confession d&#8217;amour et de douleur, de regrets et d&#8217;espoir. Elle a parl\u00e9 de ses luttes avec la d\u00e9pression, de la peur de ne pas pouvoir \u00eatre la m\u00e8re qu&#8217;elle r\u00eavait d&#8217;\u00eatre, et de son d\u00e9sir profond de me prot\u00e9ger. Elle a \u00e9crit des mots que je n&#8217;avais jamais entendus de sa bouche, des mots empreints de vuln\u00e9rabilit\u00e9 et de force \u00e0 la fois.<\/p>\n<p>Elle a expliqu\u00e9 qu&#8217;elle esp\u00e9rait que le temps m&#8217;aiderait \u00e0 comprendre qu&#8217;elle ne m&#8217;avait jamais abandonn\u00e9 par absence d&#8217;amour, mais par un d\u00e9sir de ne pas m&#8217;entra\u00eener dans sa chute. Elle voulait que je sois libre de construire ma vie sans \u00eatre entrav\u00e9 par son chagrin.<\/p>\n<p>En lisant ces lignes, une douce chaleur m&#8217;a envahi. Comme si, \u00e0 travers le temps et l&#8217;espace, elle avait trouv\u00e9 un moyen de me prendre dans ses bras une derni\u00e8re fois. Ses mots m&#8217;ont permis de voir au-del\u00e0 du voile de douleur que j&#8217;avais port\u00e9 tout ce temps. <\/p>\n<p>Ce petit morceau de papier jauni, invisible \u00e0 mes yeux pendant tout ce temps, a \u00e9t\u00e9 le catalyseur de ma r\u00e9conciliation avec le pass\u00e9. J&#8217;ai compris que sa disparition n&#8217;\u00e9tait pas un abandon, mais un dernier geste d&#8217;amour, aussi imparfait soit-il.<\/p>\n<p>Je me sens lib\u00e9r\u00e9, comme si une cha\u00eene invisible s&#8217;\u00e9tait bris\u00e9e. J&#8217;ai pleur\u00e9, bien s\u00fbr. Des larmes de douleur, mais aussi de gratitude. Gratitude pour sa v\u00e9rit\u00e9, pour sa tentative de m&#8217;expliquer l&#8217;inexplicable.<\/p>\n<p>Aujourd&#8217;hui, je partage cela avec vous pour rappeler que derri\u00e8re chaque histoire, chaque silence, il y a des v\u00e9rit\u00e9s cach\u00e9es, des luttes et des amours incompris. Nous portons tous des cicatrices invisibles, et parfois, il faut un simple objet \u2014 comme une enveloppe jaune \u2014 pour les gu\u00e9rir.<\/p>\n<p>Merci pour votre \u00e9coute. Cela signifie plus que vous ne pouvez l&#8217;imaginer. \ud83c\udf3b<\/p>\n","protected":false},"excerpt":{"rendered":"<p>\ud83c\udf3f Salut tout le monde. Aujourd&#8217;hui, j&#8217;ai besoin de partager quelque chose de profond\u00e9ment personnel avec vous. C&#8217;est un peu comme sortir de l&#8217;ombre vers la lumi\u00e8re, et j&#8217;esp\u00e8re que mes mots se m\u00ealeront \u00e0 vos c\u0153urs avec tendresse et honn\u00eatet\u00e9. Il y a quelques jours, en rangeant le grenier poussi\u00e9reux de la maison familiale, &#8230; <a title=\"La V\u00e9rit\u00e9 Cach\u00e9e d&#8217;une Enveloppe Jaune\" class=\"read-more\" href=\"https:\/\/medialur.com\/?p=84529\" aria-label=\"Read more about La V\u00e9rit\u00e9 Cach\u00e9e d&#8217;une Enveloppe Jaune\">Read more<\/a><\/p>\n","protected":false},"author":8,"featured_media":84530,"comment_status":"","ping_status":"","sticky":false,"template":"","format":"standard","meta":{"footnotes":""},"categories":[1],"tags":[],"class_list":["post-84529","post","type-post","status-publish","format-standard","has-post-thumbnail","hentry","category-uncategorized"],"views":130,"_links":{"self":[{"href":"https:\/\/medialur.com\/index.php?rest_route=\/wp\/v2\/posts\/84529","targetHints":{"allow":["GET"]}}],"collection":[{"href":"https:\/\/medialur.com\/index.php?rest_route=\/wp\/v2\/posts"}],"about":[{"href":"https:\/\/medialur.com\/index.php?rest_route=\/wp\/v2\/types\/post"}],"author":[{"embeddable":true,"href":"https:\/\/medialur.com\/index.php?rest_route=\/wp\/v2\/users\/8"}],"replies":[{"embeddable":true,"href":"https:\/\/medialur.com\/index.php?rest_route=%2Fwp%2Fv2%2Fcomments&post=84529"}],"version-history":[{"count":0,"href":"https:\/\/medialur.com\/index.php?rest_route=\/wp\/v2\/posts\/84529\/revisions"}],"wp:featuredmedia":[{"embeddable":true,"href":"https:\/\/medialur.com\/index.php?rest_route=\/wp\/v2\/media\/84530"}],"wp:attachment":[{"href":"https:\/\/medialur.com\/index.php?rest_route=%2Fwp%2Fv2%2Fmedia&parent=84529"}],"wp:term":[{"taxonomy":"category","embeddable":true,"href":"https:\/\/medialur.com\/index.php?rest_route=%2Fwp%2Fv2%2Fcategories&post=84529"},{"taxonomy":"post_tag","embeddable":true,"href":"https:\/\/medialur.com\/index.php?rest_route=%2Fwp%2Fv2%2Ftags&post=84529"}],"curies":[{"name":"wp","href":"https:\/\/api.w.org\/{rel}","templated":true}]}}