{"id":84527,"date":"2025-05-11T15:28:06","date_gmt":"2025-05-11T11:28:06","guid":{"rendered":"https:\/\/medialur.com\/les-ombres-du-silence-8\/"},"modified":"2025-05-11T15:28:06","modified_gmt":"2025-05-11T11:28:06","slug":"les-ombres-du-silence-8","status":"publish","type":"post","link":"https:\/\/medialur.com\/?p=84527","title":{"rendered":"Les ombres du silence"},"content":{"rendered":"<p>Clara n&#8217;avait jamais \u00e9t\u00e9 du genre \u00e0 douter. Elle avait toujours fait confiance \u00e0 Vincent, son partenaire depuis huit ans. Leur vie \u00e9tait tiss\u00e9e de journ\u00e9es ordinaires o\u00f9 les petits bonheurs se fondaient dans le quotidien. Mais depuis quelques mois, une ombre s&#8217;\u00e9tait immisc\u00e9e dans leur relation. Vincent avait chang\u00e9, et Clara ne parvenait pas \u00e0 ignorer les signaux d&#8217;alarme qui clignotaient sournoisement dans son esprit.<\/p>\n<p>Tout avait commenc\u00e9 par une s\u00e9rie de retards inexpliqu\u00e9s. Vincent, habituellement ponctuel, avait commenc\u00e9 \u00e0 rentrer tard du travail. Toujours avec une excuse plausible, mais quelque chose dans la mani\u00e8re dont il s&#8217;exprimait manquait de consistance. Clara avait d&#8217;abord mis cela sur le compte du stress li\u00e9 \u00e0 son emploi exigeant, mais les doutes commenc\u00e8rent \u00e0 s&#8217;insinuer.<\/p>\n<p>Les weekends, autrefois consacr\u00e9s \u00e0 des promenades en bord de mer, se faisaient d\u00e9sormais en solitaire. Vincent pr\u00e9textait une fatigue intense, pr\u00e9f\u00e9rant rester \u00e0 la maison tandis que Clara, d\u00e9\u00e7ue, errait seule sur les rivages venteux. Un jour, alors qu&#8217;elle marchait sur la plage, ses pens\u00e9es tournaient en boucle autour des petites anomalies. Il ne riait plus de la m\u00eame mani\u00e8re, ses yeux s&#8217;assombrissaient souvent, s&#8217;absorbant dans des pens\u00e9es qu&#8217;il ne partageait plus. Ce silence pesant creusait un foss\u00e9 entre eux.<\/p>\n<p>Un soir, elle trouva son t\u00e9l\u00e9phone sur la table du salon, allum\u00e9, avec des notifications incessantes qui clignotaient. Vincent \u00e9tait dans la douche. H\u00e9sitante, elle r\u00e9sista \u00e0 la tentation de fouiller. Elle se sentait coupable de douter de lui, mais une partie d&#8217;elle savait que quelque chose d&#8217;important se jouait en silence.<\/p>\n<p>Les jours pass\u00e8rent, et Clara prit l&#8217;habitude d&#8217;observer discr\u00e8tement, notant les incoh\u00e9rences dans ses r\u00e9cits. Il \u00e9voquait des coll\u00e8gues qu&#8217;elle n&#8217;avait jamais rencontr\u00e9s lors de d\u00eeners pr\u00e9tendument organis\u00e9s. Des week-ends \u00ab d&#8217;affaires \u00bb surgissaient sans pr\u00e9avis, semant le trouble chez Clara.<\/p>\n<p>Un samedi matin, alors qu&#8217;il \u00e9tait cens\u00e9 \u00eatre en r\u00e9union, elle d\u00e9cida de suivre un instinct qui ne la quittait plus. Elle emprunta un autre chemin pour se rendre dans un caf\u00e9 o\u00f9 Vincent aimait passer ses heures libres. Son c\u0153ur battait la chamade, l&#8217;angoisse serrant sa gorge. En entrant dans le caf\u00e9, elle le vit assis \u00e0 une table, riant avec une femme qu&#8217;elle n&#8217;avait jamais vue.<\/p>\n<p>Clara s&#8217;arr\u00eata, le souffle coup\u00e9. Elle n&#8217;avait pas imagin\u00e9 cette sc\u00e8ne. Elle \u00e9tait persuad\u00e9e d&#8217;une autre v\u00e9rit\u00e9 : une v\u00e9rit\u00e9 de mensonges plus subtils, de secrets enfouis. Elle observa, cach\u00e9e derri\u00e8re des clients, le regard fix\u00e9 sur la complicit\u00e9 qui \u00e9clairait le visage de Vincent. La r\u00e9alit\u00e9 se d\u00e9formait autour d&#8217;elle, un tourbillon d&#8217;incompr\u00e9hension l&#8217;enveloppait.<\/p>\n<p>De retour \u00e0 la maison, elle confronta Vincent. Il nia toute relation extraconjugale, mais avoua un secret plus lourd qu&#8217;une simple trahison amoureuse. Vincent avait perdu son emploi plusieurs mois auparavant et n&#8217;avait pas os\u00e9 lui en parler. La femme \u00e9tait une amie qui l\u2019aidait \u00e0 traverser cette p\u00e9riode difficile.<\/p>\n<p>Clara sentit une vague de col\u00e8re et de soulagement la traverser. Elle comprit que ce n&#8217;\u00e9tait pas l&#8217;infid\u00e9lit\u00e9 qu&#8217;elle avait per\u00e7ue, mais la peur, la honte de Vincent qui avaient creus\u00e9 un gouffre entre eux. Leur amour n&#8217;\u00e9tait pas \u00e9vanoui, mais il s&#8217;\u00e9tait transform\u00e9 sous le poids du non-dit.<\/p>\n<p>L&#8217;acceptation fut lente, parsem\u00e9e de discussions longues et douloureuses. Ils r\u00e9apprirent \u00e0 se parler, \u00e0 \u00e9couter les silences l&#8217;un de l&#8217;autre sans crainte. La v\u00e9rit\u00e9 avait \u00e9branl\u00e9 leurs fondations, mais elle avait aussi jet\u00e9 une lumi\u00e8re crue sur leur besoin de sinc\u00e9rit\u00e9 et de r\u00e9sistance \u00e9motionnelle.<\/p>\n<p>Un nouveau pacte se forma entre eux : celui de ne plus se cacher derri\u00e8re les ombres du silence, de b\u00e2tir de nouveau une histoire o\u00f9 la transparence serait la seule alli\u00e9e de leur confiance retrouv\u00e9e.<\/p>\n","protected":false},"excerpt":{"rendered":"<p>Clara n&#8217;avait jamais \u00e9t\u00e9 du genre \u00e0 douter. Elle avait toujours fait confiance \u00e0 Vincent, son partenaire depuis huit ans. Leur vie \u00e9tait tiss\u00e9e de journ\u00e9es ordinaires o\u00f9 les petits bonheurs se fondaient dans le quotidien. Mais depuis quelques mois, une ombre s&#8217;\u00e9tait immisc\u00e9e dans leur relation. Vincent avait chang\u00e9, et Clara ne parvenait pas &#8230; <a title=\"Les ombres du silence\" class=\"read-more\" href=\"https:\/\/medialur.com\/?p=84527\" aria-label=\"Read more about Les ombres du silence\">Read more<\/a><\/p>\n","protected":false},"author":12,"featured_media":84528,"comment_status":"","ping_status":"","sticky":false,"template":"","format":"standard","meta":{"footnotes":""},"categories":[1],"tags":[],"class_list":["post-84527","post","type-post","status-publish","format-standard","has-post-thumbnail","hentry","category-uncategorized"],"views":245,"_links":{"self":[{"href":"https:\/\/medialur.com\/index.php?rest_route=\/wp\/v2\/posts\/84527","targetHints":{"allow":["GET"]}}],"collection":[{"href":"https:\/\/medialur.com\/index.php?rest_route=\/wp\/v2\/posts"}],"about":[{"href":"https:\/\/medialur.com\/index.php?rest_route=\/wp\/v2\/types\/post"}],"author":[{"embeddable":true,"href":"https:\/\/medialur.com\/index.php?rest_route=\/wp\/v2\/users\/12"}],"replies":[{"embeddable":true,"href":"https:\/\/medialur.com\/index.php?rest_route=%2Fwp%2Fv2%2Fcomments&post=84527"}],"version-history":[{"count":0,"href":"https:\/\/medialur.com\/index.php?rest_route=\/wp\/v2\/posts\/84527\/revisions"}],"wp:featuredmedia":[{"embeddable":true,"href":"https:\/\/medialur.com\/index.php?rest_route=\/wp\/v2\/media\/84528"}],"wp:attachment":[{"href":"https:\/\/medialur.com\/index.php?rest_route=%2Fwp%2Fv2%2Fmedia&parent=84527"}],"wp:term":[{"taxonomy":"category","embeddable":true,"href":"https:\/\/medialur.com\/index.php?rest_route=%2Fwp%2Fv2%2Fcategories&post=84527"},{"taxonomy":"post_tag","embeddable":true,"href":"https:\/\/medialur.com\/index.php?rest_route=%2Fwp%2Fv2%2Ftags&post=84527"}],"curies":[{"name":"wp","href":"https:\/\/api.w.org\/{rel}","templated":true}]}}