{"id":84497,"date":"2025-05-11T12:29:21","date_gmt":"2025-05-11T08:29:21","guid":{"rendered":"https:\/\/medialur.com\/leveil-de-lucie-2\/"},"modified":"2025-05-11T12:29:21","modified_gmt":"2025-05-11T08:29:21","slug":"leveil-de-lucie-2","status":"publish","type":"post","link":"https:\/\/medialur.com\/?p=84497","title":{"rendered":"L&#8217;\u00c9veil de Lucie"},"content":{"rendered":"<p>Depuis des ann\u00e9es, Lucie avait appris \u00e0 se taire. Elle avait int\u00e9gr\u00e9 les silences comme un moyen de survie, une couverture invisible qui la prot\u00e9geait des temp\u00eates \u00e9motionnelles de sa famille. Son p\u00e8re, toujours critique, sa m\u00e8re, silencieuse et soumise, formaient un environnement o\u00f9 Lucie avait pris l&#8217;habitude de minimiser sa pr\u00e9sence.<\/p>\n<p>\u00c0 trente ans, Lucie vivait encore dans la maison familiale, non par choix mais par un encha\u00eenement de petites d\u00e9cisions dict\u00e9es par la peur de l&#8217;inconnu, de l&#8217;\u00e9chec, et surtout de d\u00e9cevoir. Chaque jour ressemblait \u00e0 une danse, o\u00f9 elle s&#8217;effor\u00e7ait de ne pas faire de faux pas. Sa m\u00e8re, Marie, la regardait parfois avec des yeux pleins de regrets silencieux, comme si elle voyait en Lucie le reflet de sa propre jeunesse \u00e9teinte.<\/p>\n<p>Ce samedi matin \u00e9tait comme les autres. Lucie avait pr\u00e9vu de passer la journ\u00e9e \u00e0 ranger la maison, une t\u00e2che qu&#8217;elle effectuait souvent pour apaiser ses pens\u00e9es troubl\u00e9es. Son p\u00e8re, Jean, \u00e9tait d\u00e9j\u00e0 install\u00e9 dans le salon, le journal d\u00e9ploy\u00e9 devant lui, un caf\u00e9 fumant \u00e0 la main.<\/p>\n<p>\u00ab Lucie, le jardin a besoin d&#8217;\u00eatre entretenu. Les haies poussent dans tous les sens \u00bb, la voix de Jean r\u00e9sonna avec l&#8217;autorit\u00e9 d&#8217;un ordre.<\/p>\n<p>Lucie hocha la t\u00eate, sachant qu&#8217;une r\u00e9ponse audacieuse ne m\u00e8nerait qu&#8217;\u00e0 des complications. Elle se dirigea vers le jardin, ses pens\u00e9es tourbillonnant, cherchant cette \u00e9tincelle de r\u00e9bellion qu&#8217;elle sentait parfois mais qu&#8217;elle n&#8217;avait jamais laiss\u00e9 s&#8217;enflammer.<\/p>\n<p>En travaillant sous le ciel gris, Lucie se souvenait de la premi\u00e8re fois qu&#8217;elle avait ressenti ce poids sur ses \u00e9paules. C&#8217;\u00e9tait \u00e0 l&#8217;\u00e9cole, lors d&#8217;une r\u00e9union parent-professeur, quand son p\u00e8re avait d\u00e9clar\u00e9 qu&#8217;elle &#8220;devait se concentrer sur quelque chose de plus r\u00e9aliste&#8221; apr\u00e8s qu&#8217;elle ait exprim\u00e9 son r\u00eave de devenir \u00e9crivain. Cela avait plant\u00e9 une graine de doute qui avait grandi et pris racine profond\u00e9ment.<\/p>\n<p>Alors que la journ\u00e9e avan\u00e7ait, Lucie fit une pause, essuyant une perle de sueur de son front. Elle laissa tomber ses outils et, pour la premi\u00e8re fois, elle se demanda \u00e0 haute voix, \u00ab Pourquoi est-ce que je fais \u00e7a ? \u00bb<\/p>\n<p>Sa m\u00e8re, sortie pour l&#8217;appeler pour le d\u00e9jeuner, l&#8217;entendit. Elle s&#8217;arr\u00eata, surprise par cette question inattendue.<\/p>\n<p>\u00ab Qu&#8217;est-ce que tu dis, ma ch\u00e9rie ? \u00bb demanda Marie doucement.<\/p>\n<p>\u00ab Pourquoi est-ce que je vis ici, maman ? Pourquoi suis-je toujours prisonni\u00e8re de tout \u00e7a ? \u00bb Les mots jaillirent, une lib\u00e9ration douce mais r\u00e9solue qui r\u00e9sonnait d&#8217;autorit\u00e9 nouvelle.<\/p>\n<p>Marie h\u00e9sita, puis aborda Lucie avec une d\u00e9licatesse inhabituelle. \u00ab Tu sais, je me pose souvent ces questions. Depuis longtemps. \u00bb<\/p>\n<p>Le silence qui suivit fut lourd, mais \u00e9trangement r\u00e9confortant. Elles se regard\u00e8rent, deux femmes \u00e0 deux stades diff\u00e9rents de leur vie, mais connect\u00e9es par le m\u00eame fil invisible de responsabilit\u00e9s et de r\u00eaves inachev\u00e9s.<\/p>\n<p>Le lendemain, Lucie s&#8217;\u00e9veilla avec une clart\u00e9 qu&#8217;elle n&#8217;avait jamais connue. Elle se rendit dans une librairie locale, ses pas fermes malgr\u00e9 le tremblement persistent de son c\u0153ur. Elle parcourut les rayons, h\u00e9sitant entre les livres de d\u00e9veloppement personnel et les romans fictifs qui lui racontaient mille vies.<\/p>\n<p>Elle en choisit un, &#8220;Autonomie et Libert\u00e9 Int\u00e9rieure&#8221;, un titre qui l&#8217;avait imm\u00e9diatement attir\u00e9e. Avec le livre contre sa poitrine, elle ressentit une vague de d\u00e9termination la traverser, une promesse silencieuse qu&#8217;elle se faisait \u00e0 elle-m\u00eame.<\/p>\n<p>De retour chez elle, Lucie passa devant le salon sans s&#8217;arr\u00eater pour discuter avec son p\u00e8re. Elle monta directement dans sa chambre, ferma la porte derri\u00e8re elle et s&#8217;asseya \u00e0 son bureau. Ouvrant le livre, elle se mit \u00e0 lire, chaque mot r\u00e9sonnant comme un \u00e9cho de ses propres pens\u00e9es.<\/p>\n<p>Au fil des semaines, Lucie commen\u00e7a \u00e0 se red\u00e9couvrir. Elle s&#8217;inscrivit \u00e0 un atelier d&#8217;\u00e9criture, un petit pas vers son r\u00eave d&#8217;enfant. Les sessions hebdomadaires \u00e9taient une bouff\u00e9e d&#8217;air frais, une revendication discr\u00e8te mais puissante de sa propre identit\u00e9.<\/p>\n<p>Un soir, alors qu&#8217;elle travaillait sur un po\u00e8me, Marie entra dans la chambre de Lucie, portant une tasse de tisane.<\/p>\n<p>\u00ab Tu es tellement plus \u00e9panouie, Lucie \u00bb, dit-elle avec un sourire timide.<\/p>\n<p>Lucie tourna la t\u00eate, touch\u00e9e par la reconnaissance dans la voix de sa m\u00e8re. \u00ab Je fais \u00e7a pour moi, maman. Je crois que j&#8217;ai enfin compris ce que \u00e7a veut dire. \u00bb<\/p>\n<p>Ce fut un moment simple mais monumental, une fracture dans l&#8217;ancien moule familial qui avait fa\u00e7onn\u00e9 Lucie pendant si longtemps. Elle avait enfin trouv\u00e9 sa voix, et avec elle, une premi\u00e8re pierre \u00e0 l&#8217;\u00e9difice de sa propre vie.<\/p>\n<p>&#8212;<\/p>\n<p>En continuant d&#8217;\u00e9crire et de s&#8217;affirmer, Lucie savait qu&#8217;elle ne transformerait pas le monde du jour au lendemain. Mais, ce qu&#8217;elle avait fait \u00e9tait d\u00e9j\u00e0 immense : elle avait pos\u00e9 la premi\u00e8re pierre de sa libert\u00e9.<\/p>\n","protected":false},"excerpt":{"rendered":"<p>Depuis des ann\u00e9es, Lucie avait appris \u00e0 se taire. Elle avait int\u00e9gr\u00e9 les silences comme un moyen de survie, une couverture invisible qui la prot\u00e9geait des temp\u00eates \u00e9motionnelles de sa famille. Son p\u00e8re, toujours critique, sa m\u00e8re, silencieuse et soumise, formaient un environnement o\u00f9 Lucie avait pris l&#8217;habitude de minimiser sa pr\u00e9sence. \u00c0 trente ans, &#8230; <a title=\"L&#8217;\u00c9veil de Lucie\" class=\"read-more\" href=\"https:\/\/medialur.com\/?p=84497\" aria-label=\"Read more about L&#8217;\u00c9veil de Lucie\">Read more<\/a><\/p>\n","protected":false},"author":11,"featured_media":84498,"comment_status":"","ping_status":"","sticky":false,"template":"","format":"standard","meta":{"footnotes":""},"categories":[1],"tags":[],"class_list":["post-84497","post","type-post","status-publish","format-standard","has-post-thumbnail","hentry","category-uncategorized"],"views":435,"_links":{"self":[{"href":"https:\/\/medialur.com\/index.php?rest_route=\/wp\/v2\/posts\/84497","targetHints":{"allow":["GET"]}}],"collection":[{"href":"https:\/\/medialur.com\/index.php?rest_route=\/wp\/v2\/posts"}],"about":[{"href":"https:\/\/medialur.com\/index.php?rest_route=\/wp\/v2\/types\/post"}],"author":[{"embeddable":true,"href":"https:\/\/medialur.com\/index.php?rest_route=\/wp\/v2\/users\/11"}],"replies":[{"embeddable":true,"href":"https:\/\/medialur.com\/index.php?rest_route=%2Fwp%2Fv2%2Fcomments&post=84497"}],"version-history":[{"count":0,"href":"https:\/\/medialur.com\/index.php?rest_route=\/wp\/v2\/posts\/84497\/revisions"}],"wp:featuredmedia":[{"embeddable":true,"href":"https:\/\/medialur.com\/index.php?rest_route=\/wp\/v2\/media\/84498"}],"wp:attachment":[{"href":"https:\/\/medialur.com\/index.php?rest_route=%2Fwp%2Fv2%2Fmedia&parent=84497"}],"wp:term":[{"taxonomy":"category","embeddable":true,"href":"https:\/\/medialur.com\/index.php?rest_route=%2Fwp%2Fv2%2Fcategories&post=84497"},{"taxonomy":"post_tag","embeddable":true,"href":"https:\/\/medialur.com\/index.php?rest_route=%2Fwp%2Fv2%2Ftags&post=84497"}],"curies":[{"name":"wp","href":"https:\/\/api.w.org\/{rel}","templated":true}]}}