{"id":84477,"date":"2025-05-11T10:45:22","date_gmt":"2025-05-11T06:45:22","guid":{"rendered":"https:\/\/medialur.com\/le-masque-des-silences\/"},"modified":"2025-05-11T10:45:22","modified_gmt":"2025-05-11T06:45:22","slug":"le-masque-des-silences","status":"publish","type":"post","link":"https:\/\/medialur.com\/?p=84477","title":{"rendered":"Le masque des silences"},"content":{"rendered":"<p>Depuis quelques mois, Claire se sentait happ\u00e9e dans un tourbillon de doutes qu&#8217;elle peinait \u00e0 exprimer, m\u00eame \u00e0 elle-m\u00eame. Tout avait commenc\u00e9 par de petits d\u00e9tails, des riens qui, mis bout \u00e0 bout, formaient une cha\u00eene trop lourde \u00e0 ignorer.<\/p>\n<p>Un soir, alors qu&#8217;ils d\u00eenaient dans leur restaurant habituel, Pierre, son compagnon, semblait \u00e9trangement distant. Ses rires n&#8217;\u00e9taient qu&#8217;un \u00e9cho creux des plaisanteries d&#8217;autrefois. Claire le regardait, cherchant dans ses traits familiers l&#8217;homme qu&#8217;elle pensait conna\u00eetre.<\/p>\n<p>\u00ab Comment s&#8217;est pass\u00e9e ta journ\u00e9e ? \u00bb demanda-t-elle, fixant ses yeux de plus en plus fuyants.<\/p>\n<p>\u00ab Comme d&#8217;habitude, beaucoup de boulot, \u00bb r\u00e9pondit-il, avant de baisser \u00e0 nouveau les yeux vers son assiette.<\/p>\n<p>Un silence lourd s&#8217;installa. Ce n\u2019\u00e9tait pas tant ce qu\u2019il disait, mais ce qu\u2019il ne disait pas qui pr\u00e9occupait Claire. Pierre n&#8217;avait jamais \u00e9t\u00e9 expansif, mais l\u00e0, c&#8217;\u00e9tait diff\u00e9rent. Il \u00e9tait pr\u00e9sent physiquement mais absent d&#8217;esprit.<\/p>\n<p>Un jour, alors qu\u2019elle rentrait plus t\u00f4t du bureau, elle trouva Pierre en pleine conversation t\u00e9l\u00e9phonique. \u00c0 son entr\u00e9e, il sembla d\u00e9sar\u00e7onn\u00e9. Il raccrocha pr\u00e9cipitamment, pr\u00e9textant un appel professionnel. Une explication plausible mais qui la laissa \u00e9trangement insatisfaite. Un malaise se faufila dans ses pens\u00e9es, s\u2019enroulant autour d\u2019elles jusqu\u2019\u00e0 ce qu\u2019elle ne puisse plus l\u2019ignorer.<\/p>\n<p>Leurs soir\u00e9es, autrefois moments de r\u00e9pit et de partage, \u00e9taient devenues des sc\u00e8nes de th\u00e9\u00e2tre o\u00f9 chacun jouait un r\u00f4le. Claire observait Pierre, tentant de d\u00e9crypter les silences qui s\u2019\u00e9taient install\u00e9s entre eux. Parfois, elle le surprenait \u00e0 regarder dans le vide, son esprit visiblement ailleurs. Lorsqu\u2019elle osait poser des questions, sa voix devenait tranchante, comme si elle d\u00e9rangeait une paix fragile.<\/p>\n<p>Un matin, une petite bo\u00eete d&#8217;une bijouterie connue attira son attention, dissimul\u00e9e \u00e0 la h\u00e2te sous le si\u00e8ge de la voiture. Son c\u0153ur s&#8217;emballa, partag\u00e9 entre l&#8217;espoir d&#8217;une surprise et le doute croissant. Cependant, Pierre n\u2019en a jamais fait mention et Claire se tut.<\/p>\n<p>Les semaines pass\u00e8rent, aggravant son angoisse. Les absences de Pierre se multipli\u00e8rent, justifi\u00e9es par des r\u00e9unions tardives ou des s\u00e9minaires impr\u00e9vus. Pourtant, Claire savait. Elle ressentait cette distorsion dans la trame de leur quotidien.<\/p>\n<p>Un soir, d\u00e9termin\u00e9e \u00e0 comprendre, elle fouilla discr\u00e8tement dans les tiroirs de son bureau. \u00c0 sa stupeur, elle d\u00e9couvrit une enveloppe contenant des photos d&#8217;eux deux, mais \u00e9galement d&#8217;un voyage qu&#8217;ils n&#8217;avaient jamais fait ensemble. Les dates, les lieux\u2026 rien ne correspondait \u00e0 leur r\u00e9alit\u00e9.<\/p>\n<p>Le c\u0153ur de Claire battait \u00e0 tout rompre, et une sorte de vertige s&#8217;empara d\u2019elle. Ces images, ces sourires semblaient si r\u00e9els et pourtant, ils appartenaient \u00e0 un monde qu&#8217;elle ne reconnaissait pas.<\/p>\n<p>La confrontation arriva de mani\u00e8re inattendue un dimanche apr\u00e8s-midi, sous un ciel gris. Pierre, accul\u00e9 par ses propres mensonges, finit par avouer. Il expliqua avec une voix tremblante qu&#8217;il avait cr\u00e9\u00e9 une vie parall\u00e8le virtuelle, une \u00e9chappatoire \u00e0 la routine qu&#8217;il ne supportait plus. Chaque mensonge, chaque omission n&#8217;\u00e9tait qu&#8217;une pi\u00e8ce d&#8217;un puzzle d\u00e9connect\u00e9 de la r\u00e9alit\u00e9.<\/p>\n<p>Claire \u00e9couta, le c\u0153ur serr\u00e9, une douleur sourde impr\u00e9gnant chaque mot. Elle comprenait enfin que l&#8217;homme qu&#8217;elle aimait vivait dans un conflit int\u00e9rieur, emprisonn\u00e9 par ses propres cr\u00e9ations.<\/p>\n<p>Face \u00e0 cette v\u00e9rit\u00e9, Claire se sentit \u00e9trangement lib\u00e9r\u00e9e. La col\u00e8re initiale laissa place \u00e0 une profonde tristesse, mais aussi \u00e0 une compr\u00e9hension nouvelle. La trahison n&#8217;\u00e9tait pas celle de l&#8217;infid\u00e9lit\u00e9 physique mais d&#8217;un manque de communication, de la confiance bris\u00e9e par un silence tortueux.<\/p>\n<p>Alors qu&#8217;elle contemplait les fragments \u00e9pars de leur relation, Claire prit une d\u00e9cision. Elle savait que pour se reconstruire, pour retrouver une part de ce qu&#8217;ils avaient perdu, elle devait avant tout se retrouver elle-m\u00eame. Cette r\u00e9v\u00e9lation, bien qu&#8217;inachev\u00e9e, marqua le d\u00e9but d&#8217;un voyage vers un nouvel \u00e9quilibre, riche en d\u00e9couvertes personnelles.<\/p>\n","protected":false},"excerpt":{"rendered":"<p>Depuis quelques mois, Claire se sentait happ\u00e9e dans un tourbillon de doutes qu&#8217;elle peinait \u00e0 exprimer, m\u00eame \u00e0 elle-m\u00eame. Tout avait commenc\u00e9 par de petits d\u00e9tails, des riens qui, mis bout \u00e0 bout, formaient une cha\u00eene trop lourde \u00e0 ignorer. Un soir, alors qu&#8217;ils d\u00eenaient dans leur restaurant habituel, Pierre, son compagnon, semblait \u00e9trangement distant. &#8230; <a title=\"Le masque des silences\" class=\"read-more\" href=\"https:\/\/medialur.com\/?p=84477\" aria-label=\"Read more about Le masque des silences\">Read more<\/a><\/p>\n","protected":false},"author":14,"featured_media":84478,"comment_status":"","ping_status":"","sticky":false,"template":"","format":"standard","meta":{"footnotes":""},"categories":[1],"tags":[],"class_list":["post-84477","post","type-post","status-publish","format-standard","has-post-thumbnail","hentry","category-uncategorized"],"views":138,"_links":{"self":[{"href":"https:\/\/medialur.com\/index.php?rest_route=\/wp\/v2\/posts\/84477","targetHints":{"allow":["GET"]}}],"collection":[{"href":"https:\/\/medialur.com\/index.php?rest_route=\/wp\/v2\/posts"}],"about":[{"href":"https:\/\/medialur.com\/index.php?rest_route=\/wp\/v2\/types\/post"}],"author":[{"embeddable":true,"href":"https:\/\/medialur.com\/index.php?rest_route=\/wp\/v2\/users\/14"}],"replies":[{"embeddable":true,"href":"https:\/\/medialur.com\/index.php?rest_route=%2Fwp%2Fv2%2Fcomments&post=84477"}],"version-history":[{"count":0,"href":"https:\/\/medialur.com\/index.php?rest_route=\/wp\/v2\/posts\/84477\/revisions"}],"wp:featuredmedia":[{"embeddable":true,"href":"https:\/\/medialur.com\/index.php?rest_route=\/wp\/v2\/media\/84478"}],"wp:attachment":[{"href":"https:\/\/medialur.com\/index.php?rest_route=%2Fwp%2Fv2%2Fmedia&parent=84477"}],"wp:term":[{"taxonomy":"category","embeddable":true,"href":"https:\/\/medialur.com\/index.php?rest_route=%2Fwp%2Fv2%2Fcategories&post=84477"},{"taxonomy":"post_tag","embeddable":true,"href":"https:\/\/medialur.com\/index.php?rest_route=%2Fwp%2Fv2%2Ftags&post=84477"}],"curies":[{"name":"wp","href":"https:\/\/api.w.org\/{rel}","templated":true}]}}