{"id":84467,"date":"2025-05-11T09:51:13","date_gmt":"2025-05-11T05:51:13","guid":{"rendered":"https:\/\/medialur.com\/les-silences-retrouves-12\/"},"modified":"2025-05-11T09:51:13","modified_gmt":"2025-05-11T05:51:13","slug":"les-silences-retrouves-12","status":"publish","type":"post","link":"https:\/\/medialur.com\/?p=84467","title":{"rendered":"Les Silences Retrouv\u00e9s"},"content":{"rendered":"<p>Dans la petite ville de Saint-Cyr, o\u00f9 le vent semblait porter des secrets pass\u00e9s au gr\u00e9 des ruelles pav\u00e9es, deux personnes allaient se croiser de mani\u00e8re inattendue. C&#8217;\u00e9tait un jour ordinaire, les nuages s&#8217;\u00e9tiraient paresseusement dans le ciel d&#8217;un bleu p\u00e2le, et l&#8217;air \u00e9tait empreint de l&#8217;odeur famili\u00e8re des boulangeries matinales.<\/p>\n<p>Marc, un homme aux tempes grisonnantes, se promenait en direction du march\u00e9. Il avait quitt\u00e9 Saint-Cyr il y a des d\u00e9cennies pour une vie citadine tr\u00e9pidante \u00e0 Paris, mais le besoin de revenir sur ses pas s&#8217;\u00e9tait fait sentir alors que la retraite lui offrait enfin le luxe du temps. Il se souvenait avec une tendre m\u00e9lancolie des ann\u00e9es de jeunesse pass\u00e9es ici, et surtout d&#8217;une amiti\u00e9 qui avait marqu\u00e9 ses \u00e9t\u00e9s d&#8217;adolescent.<\/p>\n<p>Clara, de son c\u00f4t\u00e9, vivait toujours \u00e0 Saint-Cyr. Elle n&#8217;avait jamais ressenti l&#8217;envie de partir, trouvant r\u00e9confort et stabilit\u00e9 au sein de cette communaut\u00e9 o\u00f9 tous se connaissaient. Elle g\u00e9rait maintenant le petit caf\u00e9 que ses parents avaient ouvert longtemps avant sa naissance. Les ann\u00e9es avaient apport\u00e9 des lignes de sagesse autour de ses yeux, mais son sourire restait lumineux.<\/p>\n<p>Ce matin-l\u00e0, Marc s&#8217;arr\u00eata devant la vitrine du caf\u00e9 de Clara, comme attir\u00e9 par l&#8217;appel du pass\u00e9. Ses pens\u00e9es vagabond\u00e8rent vers les apr\u00e8s-midis pass\u00e9s \u00e0 rire et \u00e0 discuter autour de chocolats chauds et de tartes au citron. Il h\u00e9sita, puis poussa la porte.<\/p>\n<p>Le tintement de la clochette attira le regard de Clara. Elle leva les yeux, sourit par habitude, puis se figea. Le silence s&#8217;installa bri\u00e8vement, lourd de souvenirs non partag\u00e9s. Marc s&#8217;avan\u00e7a, incertain, mais un sourire timide naquit sur ses l\u00e8vres.<\/p>\n<p>&#8220;Bonjour, Clara,&#8221; parvint-il \u00e0 articuler, sa voix l\u00e9g\u00e8rement rauque.<\/p>\n<p>&#8220;Marc ?&#8221; r\u00e9pondit-elle, comme si elle testait le son de son nom apr\u00e8s toutes ces ann\u00e9es.<\/p>\n<p>Il y eut un moment d&#8217;h\u00e9sitation, une danse silencieuse entre le d\u00e9sir de renouer et la crainte des histoires laiss\u00e9es en suspens. Ils se dirig\u00e8rent vers une table au fond, un peu \u00e0 l&#8217;\u00e9cart, o\u00f9 le murmure ambiant du caf\u00e9 offrait une intimit\u00e9 inattendue.<\/p>\n<p>Les premi\u00e8res minutes furent maladroites, ponctu\u00e9es de sourires g\u00ean\u00e9s et de silences, chacun cherchant le bon fil pour tisser \u00e0 nouveau leur lien. Marc parla de Paris, de sa vie tr\u00e9pidante, tandis que Clara \u00e9voqua la tranquillit\u00e9 de Saint-Cyr, ses enfants, son quotidien.<\/p>\n<p>Puis, doucement, la conversation glissa vers leurs souvenirs communs, les escapades \u00e0 v\u00e9lo, les nuits \u00e9toil\u00e9es pass\u00e9es \u00e0 r\u00eaver d&#8217;un avenir encore lointain. La douleur de la distance pass\u00e9e s&#8217;estompa, remplac\u00e9e par une chaleur r\u00e9confortante.<\/p>\n<p>&#8220;Je suis d\u00e9sol\u00e9 de ne pas avoir donn\u00e9 de nouvelles,&#8221; avoua finalement Marc, un brin de regret dans la voix. &#8220;Paris m&#8217;a absorb\u00e9, et puis&#8230;&#8221;<\/p>\n<p>&#8220;C&#8217;est la vie,&#8221; r\u00e9pondit Clara avec une l\u00e9g\u00e8re inclinaison de t\u00eate. &#8220;Les chemins se s\u00e9parent parfois.&#8221;<\/p>\n<p>Ils tomb\u00e8rent dans un silence contemplatif, mais cette fois sans g\u00eane. C&#8217;\u00e9tait un silence rempli de compr\u00e9hension et de pardon tacite.<\/p>\n<p>Le temps passa sans qu&#8217;ils s&#8217;en rendent compte. Les clients du caf\u00e9 all\u00e8rent et vinrent, mais Clara et Marc rest\u00e8rent, savourant le moment pr\u00e9cieux de ce qui avait \u00e9t\u00e9 perdu et retrouv\u00e9. Alors que le soleil d\u00e9clinait, projetant des ombres longues \u00e0 travers les fen\u00eatres du caf\u00e9, ils se lev\u00e8rent.<\/p>\n<p>Marc h\u00e9sita avant de parler. &#8220;J&#8217;aimerais que nous ne perdions plus contact.&#8221;<\/p>\n<p>Clara hocha la t\u00eate, un sourire doux illuminant son visage. &#8220;Moi aussi.&#8221;<\/p>\n<p>En quittant le caf\u00e9, Marc ressentit un all\u00e8gement, comme si une partie de lui-m\u00eame qu&#8217;il avait perdue avait enfin \u00e9t\u00e9 retrouv\u00e9e. Clara, elle, sentit une chaleur r\u00e9confortante emplir son c\u0153ur, une joie simple et profonde.<\/p>\n<p>Ils se s\u00e9par\u00e8rent \u00e0 l&#8217;or\u00e9e de la place, mais cette fois avec l&#8217;assurance que leur amiti\u00e9 avait surv\u00e9cu aux ravages du temps.<\/p>\n","protected":false},"excerpt":{"rendered":"<p>Dans la petite ville de Saint-Cyr, o\u00f9 le vent semblait porter des secrets pass\u00e9s au gr\u00e9 des ruelles pav\u00e9es, deux personnes allaient se croiser de mani\u00e8re inattendue. C&#8217;\u00e9tait un jour ordinaire, les nuages s&#8217;\u00e9tiraient paresseusement dans le ciel d&#8217;un bleu p\u00e2le, et l&#8217;air \u00e9tait empreint de l&#8217;odeur famili\u00e8re des boulangeries matinales. Marc, un homme aux &#8230; <a title=\"Les Silences Retrouv\u00e9s\" class=\"read-more\" href=\"https:\/\/medialur.com\/?p=84467\" aria-label=\"Read more about Les Silences Retrouv\u00e9s\">Read more<\/a><\/p>\n","protected":false},"author":7,"featured_media":84468,"comment_status":"","ping_status":"","sticky":false,"template":"","format":"standard","meta":{"footnotes":""},"categories":[1],"tags":[],"class_list":["post-84467","post","type-post","status-publish","format-standard","has-post-thumbnail","hentry","category-uncategorized"],"views":108,"_links":{"self":[{"href":"https:\/\/medialur.com\/index.php?rest_route=\/wp\/v2\/posts\/84467","targetHints":{"allow":["GET"]}}],"collection":[{"href":"https:\/\/medialur.com\/index.php?rest_route=\/wp\/v2\/posts"}],"about":[{"href":"https:\/\/medialur.com\/index.php?rest_route=\/wp\/v2\/types\/post"}],"author":[{"embeddable":true,"href":"https:\/\/medialur.com\/index.php?rest_route=\/wp\/v2\/users\/7"}],"replies":[{"embeddable":true,"href":"https:\/\/medialur.com\/index.php?rest_route=%2Fwp%2Fv2%2Fcomments&post=84467"}],"version-history":[{"count":0,"href":"https:\/\/medialur.com\/index.php?rest_route=\/wp\/v2\/posts\/84467\/revisions"}],"wp:featuredmedia":[{"embeddable":true,"href":"https:\/\/medialur.com\/index.php?rest_route=\/wp\/v2\/media\/84468"}],"wp:attachment":[{"href":"https:\/\/medialur.com\/index.php?rest_route=%2Fwp%2Fv2%2Fmedia&parent=84467"}],"wp:term":[{"taxonomy":"category","embeddable":true,"href":"https:\/\/medialur.com\/index.php?rest_route=%2Fwp%2Fv2%2Fcategories&post=84467"},{"taxonomy":"post_tag","embeddable":true,"href":"https:\/\/medialur.com\/index.php?rest_route=%2Fwp%2Fv2%2Ftags&post=84467"}],"curies":[{"name":"wp","href":"https:\/\/api.w.org\/{rel}","templated":true}]}}