{"id":84451,"date":"2025-05-11T08:12:51","date_gmt":"2025-05-11T04:12:51","guid":{"rendered":"https:\/\/medialur.com\/les-secrets-caches-du-collier-de-perles\/"},"modified":"2025-05-11T08:12:51","modified_gmt":"2025-05-11T04:12:51","slug":"les-secrets-caches-du-collier-de-perles","status":"publish","type":"post","link":"https:\/\/medialur.com\/?p=84451","title":{"rendered":"Les Secrets Cach\u00e9s du Collier de Perles"},"content":{"rendered":"<p>Chers amis, je me suis longtemps demand\u00e9 si je devais partager cette histoire ici, sur ce coin de l&#8217;internet o\u00f9 nos vies se croisent. Mais ces jours-ci, les souvenirs me tourmentent moins depuis que j&#8217;ai compris quelque chose de fondamental \u00e0 propos de moi-m\u00eame. Peut-\u00eatre que cela vous touchera d&#8217;une mani\u00e8re ou d&#8217;une autre.<\/p>\n<p>Jeudi dernier, en rangeant des bo\u00eetes de vieux souvenirs dans le grenier poussi\u00e9reux de mes parents, je suis tomb\u00e9e sur quelque chose que je n&#8217;avais pas vu depuis des ann\u00e9es. C&#8217;\u00e9tait une bo\u00eete en bois, pas tr\u00e8s grande, avec des motifs d\u00e9licats grav\u00e9s sur le dessus. Le genre d&#8217;objet que ma m\u00e8re aurait achet\u00e9 dans une brocante. En l&#8217;ouvrant, j&#8217;ai d\u00e9couvert un collier de perles. Rien de spectaculaire, mais suffisamment reconnaissable pour que je m&#8217;en souvienne imm\u00e9diatement. Ce collier appartenait \u00e0 ma grand-m\u00e8re.<\/p>\n<p>Ma grand-m\u00e8re, que je n&#8217;avais pas vue depuis son d\u00e9c\u00e8s il y a dix ans, me revenait toujours en m\u00e9moire comme une figure douce et aimante, mais myst\u00e9rieuse. Elle avait un don particulier pour transformer chaque moment en une aventure, m\u00eame les plus simples d&#8217;entre eux. Lorsque j&#8217;\u00e9tais enfant, elle m&#8217;emmenait souvent dans le jardin pour me montrer comment les fleurs s&#8217;ouvraient au soleil du matin. Je me rappelle encore sa voix, douce et rassurante, me disant : &#8220;Chaque perle a son histoire, tout comme chaque \u00eatre en a une.&#8221; A l&#8217;\u00e9poque, je ne comprenais pas ce que cela signifiait r\u00e9ellement.<\/p>\n<p>En tenant le collier, ce jour-l\u00e0, une vague de nostalgie et de douleur m&#8217;envahit. Je me suis assise sur le sol froid, entour\u00e9e de vieilles bo\u00eetes, et j&#8217;ai laiss\u00e9 les souvenirs me submerger. Les perles glissaient entre mes doigts, chacune unique, chacune symbolisant quelque chose de plus grand. J&#8217;ai alors remarqu\u00e9 qu&#8217;une des perles semblait diff\u00e9rente. \u00c0 y regarder de plus pr\u00e8s, elle n&#8217;\u00e9tait pas d&#8217;une coquille nacr\u00e9e mais d&#8217;un mat\u00e9riau diff\u00e9rent, sans doute du verre. Pourquoi n&#8217;avais-je jamais remarqu\u00e9 cela auparavant ?<\/p>\n<p>Cette d\u00e9couverte, bien qu&#8217;apparemment insignifiante, a d\u00e9clench\u00e9 une s\u00e9rie de souvenirs enfouis depuis longtemps. Je me suis souvenue d&#8217;un \u00e9t\u00e9 particulier, celui o\u00f9 j&#8217;avais pass\u00e9 mes vacances chez ma grand-m\u00e8re apr\u00e8s la s\u00e9paration de mes parents. Elle avait pass\u00e9 des heures \u00e0 bricoler dans son atelier, transformant ce que d&#8217;autres consid\u00e9reraient comme des objets insignifiants en merveilles artisanales. Un apr\u00e8s-midi, elle m&#8217;avait racont\u00e9 l&#8217;histoire d&#8217;une perle manquante sur son collier, remplac\u00e9e par une autre, symbolisant une perte dans sa vie qu&#8217;elle avait choisie de transformer en quelque chose de nouveau.<\/p>\n<p>Ce souvenir m&#8217;a percut\u00e9e, et j&#8217;ai soudain compris que cette perle en verre repr\u00e9sentait la m\u00eame chose pour moi. Une transformation, un passage de l&#8217;ombre \u00e0 la lumi\u00e8re. Cette substitution avait toujours \u00e9t\u00e9 l\u00e0, discr\u00e8te, t\u00e9moin silencieux de la r\u00e9silience qui coulait dans nos veines familiales.<\/p>\n<p>Avec ce collier dans les mains, j&#8217;ai r\u00e9alis\u00e9 que je n&#8217;avais jamais vraiment pleur\u00e9 la s\u00e9paration de mes parents. J&#8217;avais enfoui cette douleur sous des couches de silence et d&#8217;oubli, tout comme cette perle \u00e9tait rest\u00e9e cach\u00e9e parmi les autres. Mon c\u0153ur s&#8217;est ouvert \u00e0 cette v\u00e9rit\u00e9 longtemps ignor\u00e9e : la perte n&#8217;\u00e9tait pas une fin, mais le d\u00e9but de quelque chose d&#8217;autre.<\/p>\n<p>Les jours qui ont suivi cette d\u00e9couverte ont \u00e9t\u00e9 remplis d&#8217;une \u00e9motion nouvelle, un m\u00e9lange de chagrin et de gratitude. J&#8217;ai commenc\u00e9 \u00e0 accepter que les blessures que je portais faisaient partie de mon histoire, de mon collier de perles personnelles. Et comme ma grand-m\u00e8re, j&#8217;ai choisi de transformer ces pertes en force, en beaut\u00e9. <\/p>\n<p>Ce message est un hommage \u00e0 elle, \u00e0 sa sagesse intemporelle, et \u00e0 toutes les perles de ma vie que je n&#8217;ai pas encore comprises. Peut-\u00eatre que nos histoires sont faites de ces petits objets, de ces moments sublim\u00e9s par le temps. Et peut-\u00eatre que, quelque part, mes mots trouveront un \u00e9cho dans votre propre collier d&#8217;exp\u00e9riences.<\/p>\n","protected":false},"excerpt":{"rendered":"<p>Chers amis, je me suis longtemps demand\u00e9 si je devais partager cette histoire ici, sur ce coin de l&#8217;internet o\u00f9 nos vies se croisent. Mais ces jours-ci, les souvenirs me tourmentent moins depuis que j&#8217;ai compris quelque chose de fondamental \u00e0 propos de moi-m\u00eame. Peut-\u00eatre que cela vous touchera d&#8217;une mani\u00e8re ou d&#8217;une autre. Jeudi &#8230; <a title=\"Les Secrets Cach\u00e9s du Collier de Perles\" class=\"read-more\" href=\"https:\/\/medialur.com\/?p=84451\" aria-label=\"Read more about Les Secrets Cach\u00e9s du Collier de Perles\">Read more<\/a><\/p>\n","protected":false},"author":12,"featured_media":84452,"comment_status":"","ping_status":"","sticky":false,"template":"","format":"standard","meta":{"footnotes":""},"categories":[1],"tags":[],"class_list":["post-84451","post","type-post","status-publish","format-standard","has-post-thumbnail","hentry","category-uncategorized"],"views":163,"_links":{"self":[{"href":"https:\/\/medialur.com\/index.php?rest_route=\/wp\/v2\/posts\/84451","targetHints":{"allow":["GET"]}}],"collection":[{"href":"https:\/\/medialur.com\/index.php?rest_route=\/wp\/v2\/posts"}],"about":[{"href":"https:\/\/medialur.com\/index.php?rest_route=\/wp\/v2\/types\/post"}],"author":[{"embeddable":true,"href":"https:\/\/medialur.com\/index.php?rest_route=\/wp\/v2\/users\/12"}],"replies":[{"embeddable":true,"href":"https:\/\/medialur.com\/index.php?rest_route=%2Fwp%2Fv2%2Fcomments&post=84451"}],"version-history":[{"count":0,"href":"https:\/\/medialur.com\/index.php?rest_route=\/wp\/v2\/posts\/84451\/revisions"}],"wp:featuredmedia":[{"embeddable":true,"href":"https:\/\/medialur.com\/index.php?rest_route=\/wp\/v2\/media\/84452"}],"wp:attachment":[{"href":"https:\/\/medialur.com\/index.php?rest_route=%2Fwp%2Fv2%2Fmedia&parent=84451"}],"wp:term":[{"taxonomy":"category","embeddable":true,"href":"https:\/\/medialur.com\/index.php?rest_route=%2Fwp%2Fv2%2Fcategories&post=84451"},{"taxonomy":"post_tag","embeddable":true,"href":"https:\/\/medialur.com\/index.php?rest_route=%2Fwp%2Fv2%2Ftags&post=84451"}],"curies":[{"name":"wp","href":"https:\/\/api.w.org\/{rel}","templated":true}]}}