{"id":84449,"date":"2025-05-11T08:00:51","date_gmt":"2025-05-11T04:00:51","guid":{"rendered":"https:\/\/medialur.com\/leveil-de-claire-5\/"},"modified":"2025-05-11T08:00:51","modified_gmt":"2025-05-11T04:00:51","slug":"leveil-de-claire-5","status":"publish","type":"post","link":"https:\/\/medialur.com\/?p=84449","title":{"rendered":"L&#8217;\u00e9veil de Claire"},"content":{"rendered":"<p>Claire se tenait devant la fen\u00eatre de la cuisine, regardant au-del\u00e0 des collines qui s&#8217;\u00e9tendaient \u00e0 perte de vue. Elle avait grandi ici, dans cette vieille maison familiale, mais le sentiment d&#8217;\u00eatre chez elle ne l&#8217;avait jamais vraiment quitt\u00e9e. Tout semblait immuable, comme fig\u00e9 dans le temps, \u00e0 l&#8217;image des repas du dimanche o\u00f9 elle se sentait invisible parmi les siens.<\/p>\n<p>Depuis des ann\u00e9es, elle avait refoul\u00e9 ses d\u00e9sirs et ses ambitions, emport\u00e9e par le flot des attentes silencieuses de sa famille. Son r\u00f4le semblait d\u00e9fini : \u00eatre la fille mod\u00e8le, douce et ob\u00e9issante. Son partenaire, Paul, n&#8217;avait fait qu&#8217;amplifier ce sentiment avec ses commentaires anodins mais lourds de sens, l&#8217;enfermant dans un cocon de devoirs et de responsabilit\u00e9s qui n&#8217;\u00e9taient jamais les siens.<\/p>\n<p>Un matin, alors qu&#8217;elle pr\u00e9parait le caf\u00e9, Paul entra dans la cuisine, absorb\u00e9 par son t\u00e9l\u00e9phone. &#8220;Tu as pens\u00e9 \u00e0 appeler ma m\u00e8re pour son anniversaire ?&#8221; demanda-t-il distraitement. Claire se figea. Ce n&#8217;\u00e9tait pas la premi\u00e8re fois qu&#8217;on lui d\u00e9l\u00e9guerait ce genre de t\u00e2che, mais aujourd&#8217;hui, quelque chose en elle s&#8217;\u00e9tait mis \u00e0 bouillir, une vague de chaleur partant du creux de son estomac.<\/p>\n<p>&#8220;Non, pas encore,&#8221; r\u00e9pondit-elle avec un calme trompeur, en versant le caf\u00e9 dans deux tasses. <\/p>\n<p>&#8220;Il faudrait que tu t&#8217;en occupes. Elle y tient vraiment,&#8221; ajouta Paul sans lever les yeux de son \u00e9cran.<\/p>\n<p>Les mots qui suivirent franchirent ses l\u00e8vres avant m\u00eame qu&#8217;elle ne puisse les retenir. &#8220;Peut-\u00eatre que tu pourrais l&#8217;appeler toi-m\u00eame cette fois-ci.&#8221;<\/p>\n<p>Il leva les yeux, surpris. &#8220;Pourquoi tu dis \u00e7a ? D&#8217;habitude, c&#8217;est toi qui t&#8217;en charges.&#8221;<\/p>\n<p>Claire prit une inspiration. &#8220;Justement, je pense que \u00e7a devrait changer.&#8221;<\/p>\n<p>Simple, mais d\u00e9terminant, cet \u00e9change marqua le d\u00e9but d&#8217;un lent processus d&#8217;\u00e9mancipation. Dans les jours qui suivirent, Claire commen\u00e7a \u00e0 se poser des questions sur les petites choses de sa vie quotidienne. Elle prit le temps d&#8217;\u00e9crire dans son journal, gribouillant des pens\u00e9es qu&#8217;elle n&#8217;avait jamais os\u00e9 formuler.<\/p>\n<p>Puis vint le jour o\u00f9 elle retrouva sa m\u00e8re dans le jardin, en train de tailler les rosiers. &#8220;As-tu pens\u00e9 \u00e0 cette r\u00e9union de famille dimanche ?&#8221; demanda sa m\u00e8re, sans lever les yeux.<\/p>\n<p>&#8220;Je pense que je ne viendrai pas,&#8221; dit Claire doucement, mais elle sentit que ses mots avaient la nettet\u00e9 d&#8217;un couperet. Sa m\u00e8re s&#8217;arr\u00eata net, surprise. &#8220;Pourquoi \u00e7a ? C&#8217;est important pour nous tous.&#8221;<\/p>\n<p>&#8220;Je sais, mais j&#8217;ai besoin de temps pour moi,&#8221; r\u00e9pondit-elle, le c\u0153ur battant. Elle s&#8217;\u00e9tonna de la fermet\u00e9 de sa voix.<\/p>\n<p>Ce moment fut crucial. Claire commen\u00e7ait enfin \u00e0 \u00e9couter ses propres besoins, \u00e0 se donner la permission de dire non. Elle se sentit plus l\u00e9g\u00e8re apr\u00e8s cette conversation, comme si le poids d&#8217;ann\u00e9es de concessions silencieuses commen\u00e7ait \u00e0 s&#8217;\u00e9vanouir.<\/p>\n<p>Finalement, ce fut un simple samedi matin, alors que Claire se promenait seule le long du lac \u00e0 la p\u00e9riph\u00e9rie de la ville, qu&#8217;elle prit v\u00e9ritablement conscience de la nouvelle direction que prenait sa vie. Les arbres bordant le chemin pendaient avec gr\u00e2ce, leurs feuilles dansant dans le vent l\u00e9ger. Elle s&#8217;arr\u00eata au bord de l&#8217;eau et observa son propre reflet, d\u00e9form\u00e9 par les l\u00e9g\u00e8res ondulations.<\/p>\n<p>Les rayons du soleil caressaient son visage, et pour la premi\u00e8re fois depuis longtemps, elle se sentait en paix. Elle sourit doucement \u00e0 son reflet.<\/p>\n<p>Elle avait commenc\u00e9 \u00e0 se choisir, lentement mais s\u00fbrement.<\/p>\n<p>Elle r\u00e9alisa alors que la libert\u00e9 n&#8217;\u00e9tait pas un grand geste dramatique, mais une s\u00e9rie de petites d\u00e9cisions qui, mises bout \u00e0 bout, redonnaient sa forme \u00e0 la vie.<\/p>\n<p>En rentrant chez elle ce jour-l\u00e0, Claire se mit \u00e0 r\u00e9fl\u00e9chir \u00e0 ce qu&#8217;elle voulait vraiment, une question qui avait toujours \u00e9t\u00e9 \u00e9cart\u00e9e par le bruit ambiant des attentes des autres.<\/p>\n","protected":false},"excerpt":{"rendered":"<p>Claire se tenait devant la fen\u00eatre de la cuisine, regardant au-del\u00e0 des collines qui s&#8217;\u00e9tendaient \u00e0 perte de vue. Elle avait grandi ici, dans cette vieille maison familiale, mais le sentiment d&#8217;\u00eatre chez elle ne l&#8217;avait jamais vraiment quitt\u00e9e. Tout semblait immuable, comme fig\u00e9 dans le temps, \u00e0 l&#8217;image des repas du dimanche o\u00f9 elle &#8230; <a title=\"L&#8217;\u00e9veil de Claire\" class=\"read-more\" href=\"https:\/\/medialur.com\/?p=84449\" aria-label=\"Read more about L&#8217;\u00e9veil de Claire\">Read more<\/a><\/p>\n","protected":false},"author":11,"featured_media":84450,"comment_status":"","ping_status":"","sticky":false,"template":"","format":"standard","meta":{"footnotes":""},"categories":[1],"tags":[],"class_list":["post-84449","post","type-post","status-publish","format-standard","has-post-thumbnail","hentry","category-uncategorized"],"views":143,"_links":{"self":[{"href":"https:\/\/medialur.com\/index.php?rest_route=\/wp\/v2\/posts\/84449","targetHints":{"allow":["GET"]}}],"collection":[{"href":"https:\/\/medialur.com\/index.php?rest_route=\/wp\/v2\/posts"}],"about":[{"href":"https:\/\/medialur.com\/index.php?rest_route=\/wp\/v2\/types\/post"}],"author":[{"embeddable":true,"href":"https:\/\/medialur.com\/index.php?rest_route=\/wp\/v2\/users\/11"}],"replies":[{"embeddable":true,"href":"https:\/\/medialur.com\/index.php?rest_route=%2Fwp%2Fv2%2Fcomments&post=84449"}],"version-history":[{"count":0,"href":"https:\/\/medialur.com\/index.php?rest_route=\/wp\/v2\/posts\/84449\/revisions"}],"wp:featuredmedia":[{"embeddable":true,"href":"https:\/\/medialur.com\/index.php?rest_route=\/wp\/v2\/media\/84450"}],"wp:attachment":[{"href":"https:\/\/medialur.com\/index.php?rest_route=%2Fwp%2Fv2%2Fmedia&parent=84449"}],"wp:term":[{"taxonomy":"category","embeddable":true,"href":"https:\/\/medialur.com\/index.php?rest_route=%2Fwp%2Fv2%2Fcategories&post=84449"},{"taxonomy":"post_tag","embeddable":true,"href":"https:\/\/medialur.com\/index.php?rest_route=%2Fwp%2Fv2%2Ftags&post=84449"}],"curies":[{"name":"wp","href":"https:\/\/api.w.org\/{rel}","templated":true}]}}