{"id":84435,"date":"2025-05-11T06:47:51","date_gmt":"2025-05-11T02:47:51","guid":{"rendered":"https:\/\/medialur.com\/le-miroir-oublie\/"},"modified":"2025-05-11T06:47:51","modified_gmt":"2025-05-11T02:47:51","slug":"le-miroir-oublie","status":"publish","type":"post","link":"https:\/\/medialur.com\/?p=84435","title":{"rendered":"Le Miroir Oubli\u00e9"},"content":{"rendered":"<p>Cela fait des ann\u00e9es que je pensais m&#8217;\u00eatre accept\u00e9e telle que j&#8217;\u00e9tais. J&#8217;ai construit ma vie sur des sourires et des r\u00e9ussites apparentes, mais au fond de moi, il y avait toujours cette ombre persistante, cette question sans r\u00e9ponse qui me hantait dans les moments de silence. Aujourd&#8217;hui, je me sens pr\u00eate \u00e0 partager quelque chose avec vous tous, quelque chose que je n&#8217;avais jamais os\u00e9 affronter jusqu&#8217;\u00e0 maintenant.<\/p>\n<p>C&#8217;\u00e9tait un jour ordinaire, une journ\u00e9e de nettoyage de printemps o\u00f9 j&#8217;avais d\u00e9cid\u00e9 d&#8217;explorer la cave. Je n&#8217;y avais pas mis les pieds depuis que j&#8217;avais emm\u00e9nag\u00e9 dans cette vieille maison familiale apr\u00e8s le d\u00e9c\u00e8s de ma m\u00e8re. Parmi les cartons poussi\u00e9reux et les souvenirs entass\u00e9s, mon regard a \u00e9t\u00e9 attir\u00e9 par un vieux miroir, recouvert d&#8217;un drap jauni par le temps.<\/p>\n<p>En retirant le drap, une vague de nostalgie m&#8217;a submerg\u00e9e. Ce miroir, je le reconnaissais. Il avait sa place dans le corridor de la maison de mon enfance. Je me suis surprise \u00e0 sourire en me rappelant les heures pass\u00e9es devant, \u00e0 tourner, \u00e0 danser, \u00e0 inventer des histoires. Mais c&#8217;\u00e9tait bien plus qu&#8217;un miroir. Dans le cadre, derri\u00e8re une vitre, se trouvait une petite cl\u00e9 rouill\u00e9e.<\/p>\n<p>Cette cl\u00e9, je l&#8217;avais compl\u00e8tement oubli\u00e9e. Elle ouvrait le tiroir secret du bureau de ma m\u00e8re, un lieu interdit o\u00f9 elle gardait ses lettres et ses pens\u00e9es les plus intimes. Mon c\u0153ur battait la chamade alors que je me dirigeais vers le bureau qui, par chance, \u00e9tait aussi dans la cave. Je n&#8217;avais jamais os\u00e9 l&#8217;ouvrir. Mais aujourd&#8217;hui, une force inexplicable me poussait \u00e0 le faire.<\/p>\n<p>Tremblante, j&#8217;ai introduit la cl\u00e9 dans la serrure. Un d\u00e9clic, et le tiroir s&#8217;est ouvert. \u00c0 l&#8217;int\u00e9rieur, un tas de lettres soigneusement attach\u00e9es par un ruban. J&#8217;ai h\u00e9sit\u00e9 un moment avant de prendre la premi\u00e8re lettre. Elle \u00e9tait adress\u00e9e \u00e0 mon p\u00e8re, dat\u00e9e de plusieurs ann\u00e9es avant ma naissance.<\/p>\n<p>En la lisant, j&#8217;ai d\u00e9couvert une v\u00e9rit\u00e9 qui a boulevers\u00e9 ma perception de moi-m\u00eame. Ma m\u00e8re \u00e9crivait qu&#8217;elle avait fait une erreur, un choix qui avait chamboul\u00e9 toute sa vie. Elle parlait d&#8217;un autre homme, de l&#8217;amour br\u00fblant qu&#8217;ils avaient partag\u00e9, un homme qui n&#8217;\u00e9tait pas mon p\u00e8re. J&#8217;ai senti mes jambes faiblir, l&#8217;air se rar\u00e9fier. Mais il y avait aussi quelque chose d&#8217;autre&#8230; l&#8217;impression que je connaissais cet homme, cet inconnu dont elle parlait si passionn\u00e9ment.<\/p>\n<p>Je me suis assise par terre, lisant lettre apr\u00e8s lettre, pleurant en silence. Chaque mot r\u00e9sonnait en moi comme une v\u00e9rit\u00e9 longtemps enfouie. Cet homme, dont elle disait qu&#8217;il \u00e9tait mon vrai p\u00e8re, \u00e9tait aussi quelqu&#8217;un que j&#8217;avais d\u00e9j\u00e0 rencontr\u00e9, sans le savoir. Mon parrain, cet homme chaleureux qui m&#8217;avait toujours entour\u00e9e d&#8217;affection, mais de qui ma m\u00e8re m&#8217;avait \u00e9loign\u00e9e sans explication.<\/p>\n<p>Je me sentais \u00e0 la fois trahie et soulag\u00e9e. Trahie par le silence de ma m\u00e8re, par le mensonge de toute une vie. Mais soulag\u00e9e de comprendre enfin pourquoi je ressentais un lien inexplicable avec mon parrain. Cette r\u00e9v\u00e9lation a ouvert une porte que je n&#8217;avais m\u00eame pas r\u00e9alis\u00e9 \u00eatre ferm\u00e9e.<\/p>\n<p>Apr\u00e8s des heures d&#8217;introspection, je me suis relev\u00e9e. J&#8217;ai d\u00e9cid\u00e9 de rencontrer cet homme, de lui parler, de comprendre sa version de l&#8217;histoire. La rencontre a \u00e9t\u00e9 empreinte d&#8217;\u00e9motion, de larmes, et d&#8217;un amour retrouv\u00e9. Pour la premi\u00e8re fois, je me sentais enti\u00e8re, accept\u00e9e par celui qui \u00e9tait mon p\u00e8re, dans le silence et la discr\u00e9tion. Il m&#8217;a racont\u00e9 son histoire, sa douleur de nous voir \u00e9loign\u00e9s, son bonheur secret de me voir grandir.<\/p>\n<p>Cette d\u00e9couverte, bien qu&#8217;inattendue, m&#8217;a permis de me r\u00e9concilier avec mon pass\u00e9. J&#8217;ai compris que l&#8217;amour pouvait prendre des formes impr\u00e9vues, et que les v\u00e9rit\u00e9s cach\u00e9es avaient leur propre mani\u00e8re d&#8217;\u00e9merger au grand jour. Aujourd&#8217;hui, je me sens libre, remplie d&#8217;une nouvelle \u00e9nergie.<\/p>\n<p>Merci de m&#8217;avoir lue, merci d&#8217;\u00eatre l\u00e0 pour moi dans ce moment de r\u00e9v\u00e9lation et de renouveau.<\/p>\n<p>Avec amour,<\/p>\n<p>Lucie<\/p>\n","protected":false},"excerpt":{"rendered":"<p>Cela fait des ann\u00e9es que je pensais m&#8217;\u00eatre accept\u00e9e telle que j&#8217;\u00e9tais. J&#8217;ai construit ma vie sur des sourires et des r\u00e9ussites apparentes, mais au fond de moi, il y avait toujours cette ombre persistante, cette question sans r\u00e9ponse qui me hantait dans les moments de silence. Aujourd&#8217;hui, je me sens pr\u00eate \u00e0 partager quelque &#8230; <a title=\"Le Miroir Oubli\u00e9\" class=\"read-more\" href=\"https:\/\/medialur.com\/?p=84435\" aria-label=\"Read more about Le Miroir Oubli\u00e9\">Read more<\/a><\/p>\n","protected":false},"author":12,"featured_media":84436,"comment_status":"","ping_status":"","sticky":false,"template":"","format":"standard","meta":{"footnotes":""},"categories":[1],"tags":[],"class_list":["post-84435","post","type-post","status-publish","format-standard","has-post-thumbnail","hentry","category-uncategorized"],"views":151,"_links":{"self":[{"href":"https:\/\/medialur.com\/index.php?rest_route=\/wp\/v2\/posts\/84435","targetHints":{"allow":["GET"]}}],"collection":[{"href":"https:\/\/medialur.com\/index.php?rest_route=\/wp\/v2\/posts"}],"about":[{"href":"https:\/\/medialur.com\/index.php?rest_route=\/wp\/v2\/types\/post"}],"author":[{"embeddable":true,"href":"https:\/\/medialur.com\/index.php?rest_route=\/wp\/v2\/users\/12"}],"replies":[{"embeddable":true,"href":"https:\/\/medialur.com\/index.php?rest_route=%2Fwp%2Fv2%2Fcomments&post=84435"}],"version-history":[{"count":0,"href":"https:\/\/medialur.com\/index.php?rest_route=\/wp\/v2\/posts\/84435\/revisions"}],"wp:featuredmedia":[{"embeddable":true,"href":"https:\/\/medialur.com\/index.php?rest_route=\/wp\/v2\/media\/84436"}],"wp:attachment":[{"href":"https:\/\/medialur.com\/index.php?rest_route=%2Fwp%2Fv2%2Fmedia&parent=84435"}],"wp:term":[{"taxonomy":"category","embeddable":true,"href":"https:\/\/medialur.com\/index.php?rest_route=%2Fwp%2Fv2%2Fcategories&post=84435"},{"taxonomy":"post_tag","embeddable":true,"href":"https:\/\/medialur.com\/index.php?rest_route=%2Fwp%2Fv2%2Ftags&post=84435"}],"curies":[{"name":"wp","href":"https:\/\/api.w.org\/{rel}","templated":true}]}}