{"id":84431,"date":"2025-05-11T06:28:42","date_gmt":"2025-05-11T02:28:42","guid":{"rendered":"https:\/\/medialur.com\/les-fragments-du-temps\/"},"modified":"2025-05-11T06:28:42","modified_gmt":"2025-05-11T02:28:42","slug":"les-fragments-du-temps","status":"publish","type":"post","link":"https:\/\/medialur.com\/?p=84431","title":{"rendered":"Les Fragments du Temps"},"content":{"rendered":"<p>Dans le petit village de Saint-Lucien, o\u00f9 la rivi\u00e8re s\u2019\u00e9coule doucement sous le pont de pierre et o\u00f9 les souvenirs semblent flotter dans l\u2019air, deux chemins se crois\u00e8rent \u00e0 nouveau apr\u00e8s des d\u00e9cennies de silence. Claire avait quitt\u00e9 le village il y a longtemps, emportant avec elle une valise pleine de r\u00eaves et d\u2019espoirs m\u00eal\u00e9s d\u2019une envie de d\u00e9couvrir le monde. Pierre, lui, \u00e9tait rest\u00e9. Gardien du pass\u00e9, il s\u2019occupait du caf\u00e9 familial, un lieu ancr\u00e9 au c\u0153ur de la communaut\u00e9.<\/p>\n<p>Un matin d\u2019automne, alors que le vent portait le murmure des feuilles dor\u00e9es, Claire passa par hasard devant le caf\u00e9 de Pierre. Elle s\u2019arr\u00eata, h\u00e9sitant un instant, puis poussa la porte avec un m\u00e9lange de curiosit\u00e9 et d\u2019appr\u00e9hension. L\u2019int\u00e9rieur n\u2019avait gu\u00e8re chang\u00e9 : les boiseries polies par le temps, l\u2019ar\u00f4me r\u00e9confortant du caf\u00e9 fra\u00eechement moulu, et cette cloche qui tintait doucement \u00e0 chaque nouvelle venue.<\/p>\n<p>Pierre, engross\u00e9 dans ses comptes, leva les yeux et son regard croisa celui de Claire. Un silence s\u2019installa, lourd de souvenirs et de non-dits. Ils avaient partag\u00e9 tant de moments ensemble autrefois: les promenades au bord de la rivi\u00e8re, les discussions sur la terrasse sous les \u00e9toiles, et ces r\u00eaves d\u2019enfants qui semblaient aujourd&#8217;hui si lointains.<\/p>\n<p>\u00ab Claire&#8230; \u00bb dit-il enfin, sa voix trahissant une \u00e9motion qu\u2019il ne s\u2019attendait pas \u00e0 ressentir si vivement.<\/p>\n<p>Elle sourit doucement, un sourire empreint de nostalgie. \u00ab Bonjour, Pierre. Je ne savais pas si tu \u00e9tais toujours ici. \u00bb<\/p>\n<p>Il hocha la t\u00eate, incapable de trouver les mots justes. Le temps avait pass\u00e9, emportant avec lui la fougue de la jeunesse, mais laissant derri\u00e8re une trace ind\u00e9l\u00e9bile de ce qui avait \u00e9t\u00e9 autrefois.<\/p>\n<p>Ils s&#8217;assirent \u00e0 une table pr\u00e8s de la fen\u00eatre, o\u00f9 la lumi\u00e8re douce du matin caressait leur visage. Au-del\u00e0 des banalit\u00e9s \u00e9chang\u00e9es, une mer d\u2019\u00e9motions submergeait leurs c\u0153urs. La g\u00eane initiale laissa place \u00e0 une familiarit\u00e9 h\u00e9sitante et chaleureuse.<\/p>\n<p>\u00ab Tu te souviens de ces nuits d\u2019\u00e9t\u00e9 o\u00f9 nous parlions de conqu\u00e9rir le monde ? \u00bb demanda Claire, le regard plong\u00e9 dans les souvenirs.<\/p>\n<p>\u00ab Oui, comme si c&#8217;\u00e9tait hier. \u00bb r\u00e9pondit-il. \u00ab Le monde semblait si vaste et nous si invincibles. \u00bb<\/p>\n<p>La conversation glissa vers des souvenirs partag\u00e9s, chaque mot ravivant une m\u00e9moire endormie. Pourtant, derri\u00e8re leurs sourires, se cachait le chagrin des ann\u00e9es perdues. Ils avaient emprunt\u00e9 des chemins si diff\u00e9rents, et pourtant, ici, dans ce petit caf\u00e9, le temps semblait soudain suspendu.<\/p>\n<p>Leurs discussions se faisaient plus profondes, naviguant entre regrets et pardons implicites. Claire parla de ses voyages, des pays lointains qui avaient rempli son c\u0153ur d\u2019\u00e9merveillement mais aussi de solitude. Pierre \u00e9voqua la tranquillit\u00e9 de sa vie, l&#8217;amour pour ce village qui lui avait offert tant de bonheur simple.<\/p>\n<p>Alors que le soleil baissait lentement \u00e0 l&#8217;horizon, colorant le ciel de nuances de rose et d&#8217;or, un silence s&#8217;installa de nouveau entre eux, mais cette fois-ci, il \u00e9tait apaisant, presque bienvenu. Ils savaient que les mots n\u2019\u00e9taient plus n\u00e9cessaires.<\/p>\n<p>Claire leva les yeux vers lui. \u00ab Je suis heureuse d&#8217;\u00eatre revenue, m\u00eame pour un temps. \u00bb<\/p>\n<p>Pierre lui adressa un sourire, un sourire qui contenait toute la tendresse du monde et une acceptation muette des erreurs et des choix de chacun.<\/p>\n<p>Alors qu\u2019elle se levait pour partir, la cloche tinta \u00e0 nouveau, et il la regarda franchir la porte vers le monde ext\u00e9rieur. Les fragments du pass\u00e9, bien que raffin\u00e9s et polis par les ann\u00e9es, avaient trouv\u00e9 leur place dans le pr\u00e9sent, offrant un sens du pardon et de la r\u00e9conciliation silencieuse.<\/p>\n<p>Ce soir-l\u00e0, sous un ciel \u00e9toil\u00e9, Claire et Pierre se retrouv\u00e8rent, non plus comme des \u00e9trangers mais comme des \u00e2mes unies par une histoire commune, continuant leur voyage de vie avec un c\u0153ur plus l\u00e9ger.<\/p>\n","protected":false},"excerpt":{"rendered":"<p>Dans le petit village de Saint-Lucien, o\u00f9 la rivi\u00e8re s\u2019\u00e9coule doucement sous le pont de pierre et o\u00f9 les souvenirs semblent flotter dans l\u2019air, deux chemins se crois\u00e8rent \u00e0 nouveau apr\u00e8s des d\u00e9cennies de silence. Claire avait quitt\u00e9 le village il y a longtemps, emportant avec elle une valise pleine de r\u00eaves et d\u2019espoirs m\u00eal\u00e9s &#8230; <a title=\"Les Fragments du Temps\" class=\"read-more\" href=\"https:\/\/medialur.com\/?p=84431\" aria-label=\"Read more about Les Fragments du Temps\">Read more<\/a><\/p>\n","protected":false},"author":15,"featured_media":84432,"comment_status":"","ping_status":"","sticky":false,"template":"","format":"standard","meta":{"footnotes":""},"categories":[1],"tags":[],"class_list":["post-84431","post","type-post","status-publish","format-standard","has-post-thumbnail","hentry","category-uncategorized"],"views":146,"_links":{"self":[{"href":"https:\/\/medialur.com\/index.php?rest_route=\/wp\/v2\/posts\/84431","targetHints":{"allow":["GET"]}}],"collection":[{"href":"https:\/\/medialur.com\/index.php?rest_route=\/wp\/v2\/posts"}],"about":[{"href":"https:\/\/medialur.com\/index.php?rest_route=\/wp\/v2\/types\/post"}],"author":[{"embeddable":true,"href":"https:\/\/medialur.com\/index.php?rest_route=\/wp\/v2\/users\/15"}],"replies":[{"embeddable":true,"href":"https:\/\/medialur.com\/index.php?rest_route=%2Fwp%2Fv2%2Fcomments&post=84431"}],"version-history":[{"count":0,"href":"https:\/\/medialur.com\/index.php?rest_route=\/wp\/v2\/posts\/84431\/revisions"}],"wp:featuredmedia":[{"embeddable":true,"href":"https:\/\/medialur.com\/index.php?rest_route=\/wp\/v2\/media\/84432"}],"wp:attachment":[{"href":"https:\/\/medialur.com\/index.php?rest_route=%2Fwp%2Fv2%2Fmedia&parent=84431"}],"wp:term":[{"taxonomy":"category","embeddable":true,"href":"https:\/\/medialur.com\/index.php?rest_route=%2Fwp%2Fv2%2Fcategories&post=84431"},{"taxonomy":"post_tag","embeddable":true,"href":"https:\/\/medialur.com\/index.php?rest_route=%2Fwp%2Fv2%2Ftags&post=84431"}],"curies":[{"name":"wp","href":"https:\/\/api.w.org\/{rel}","templated":true}]}}