{"id":84429,"date":"2025-05-11T06:17:47","date_gmt":"2025-05-11T02:17:47","guid":{"rendered":"https:\/\/medialur.com\/les-ombres-du-doute\/"},"modified":"2025-05-11T06:17:47","modified_gmt":"2025-05-11T02:17:47","slug":"les-ombres-du-doute","status":"publish","type":"post","link":"https:\/\/medialur.com\/?p=84429","title":{"rendered":"Les Ombres du Doute"},"content":{"rendered":"<p>Anne se tenait devant la fen\u00eatre, observant la pluie s&#8217;\u00e9craser contre les vitres dans un rythme hypnotisant. Depuis quelques semaines, la familiarit\u00e9 de la maison qu&#8217;elle partageait avec Julien semblait s&#8217;estomper, comme si chaque pi\u00e8ce recelait des secrets qu&#8217;elle n&#8217;avait pas su voir jusque-l\u00e0. Le silence entre eux s&#8217;\u00e9tait \u00e9paissi, et dans ce silence, Anne commen\u00e7ait \u00e0 percevoir une dissonance troublante.<\/p>\n<p>C&#8217;\u00e9tait un matin comme les autres, mais quand Julien dit qu&#8217;il partait pour un s\u00e9minaire ce week-end, quelque chose en elle tressaillit. Il avait mentionn\u00e9 ce s\u00e9minaire la semaine derni\u00e8re, mais elle se rappela soudainement que son coll\u00e8gue, Marc, avait dit nonchalamment qu&#8217;il n&#8217;y avait pas de tels \u00e9v\u00e9nements pr\u00e9vus ce mois-ci. Elle tenta d&#8217;\u00e9carter cette pens\u00e9e, mais elle s&#8217;attarda comme un nuage sombre.<\/p>\n<p>Les jours qui suivirent furent marqu\u00e9s par de petites anomalies que seul un c\u0153ur attentif pouvait d\u00e9tecter. Julien, d&#8217;habitude si ponctuel, \u00e9tait rentr\u00e9 tard trois fois cette semaine, offrant des explications vagues sur des embouteillages ou des r\u00e9unions impr\u00e9vues. La premi\u00e8re fois, elle avait souri et accept\u00e9, mais \u00e0 mesure que les incidents s&#8217;accumulaient, son sourire devenait plus tendu.<\/p>\n<p>Un vendredi soir, alors qu&#8217;Anne \u00e9tait assise sur le canap\u00e9, elle remarqua que Julien avait laiss\u00e9 son ordinateur portable ouvert dans la chambre. Elle n&#8217;avait jamais ressenti le besoin d&#8217;espionner, mais une curieuse angoisse l&#8217;enveloppa. Elle h\u00e9sita, le regard fix\u00e9 sur l&#8217;\u00e9cran qui attendait, vide et pourtant plein de promesses de v\u00e9rit\u00e9.<\/p>\n<p>Elle s&#8217;assit \u00e0 son bureau, le c\u0153ur battant \u00e0 un rythme effr\u00e9n\u00e9. D&#8217;un geste tremblant, elle scrolla les pages, ne sachant pas exactement ce qu&#8217;elle cherchait. Et puis, elle les vit\u2014des \u00e9changes de courriels avec une certaine &#8220;Claire&#8221;, dont elle n&#8217;avait jamais entendu parler. Les mots \u00e9taient anodins, mais l&#8217;intimit\u00e9 qu&#8217;ils d\u00e9gageaient \u00e9tait ind\u00e9niable. Une chaleur froide envahit Anne, un sentiment de chute sans fin dans l&#8217;incompr\u00e9hensible.<\/p>\n<p>Julien rentra peu apr\u00e8s. Elle observa son visage, chaque ride, chaque sourire qui lui semblaient maintenant presque \u00e9trangers. Elle ne dit rien, mais la distance entre eux devint palpable, un ab\u00eeme qu&#8217;ils habitaient tous deux, mais seuls.<\/p>\n<p>Le lendemain, Anne proposa une promenade. Le chemin le long du canal \u00e9tait leur refuge, un endroit o\u00f9 ils avaient souvent partag\u00e9 des r\u00eaves et des espoirs. Mais cette fois, le silence ne fut combl\u00e9 que par le bruit de l&#8217;eau. Julien semblait distrait, et Anne l&#8217;observait, luttant avec les mots qui se pressaient \u00e0 ses l\u00e8vres.<\/p>\n<p>Ce soir-l\u00e0, alors qu\u2019ils d\u00eenaient, Anne se sentit pouss\u00e9e par une force int\u00e9rieure. L&#8217;air lourd de non-dits devint insupportable. Elle posa sa fourchette, prit une respiration et sans d\u00e9tourner les yeux, demanda : &#8220;Qui est Claire ?&#8221;<\/p>\n<p>Le visage de Julien se durcit, un \u00e9clair de surprise et de peur traversant ses yeux. Le silence s&#8217;\u00e9paissit, chaque seconde s&#8217;\u00e9tirant en \u00e9ternit\u00e9. Puis, lentement, il lui raconta tout. Claire n&#8217;\u00e9tait pas une amante, mais une s\u0153ur qu&#8217;il avait perdue de vue pendant des ann\u00e9es. Ils avaient r\u00e9cemment renou\u00e9 contact, et Julien s&#8217;\u00e9tait plong\u00e9 dans ces retrouvailles avec une intensit\u00e9 qu&#8217;il n&#8217;avait pas su partager.<\/p>\n<p>Anne \u00e9couta, les larmes roulant sur ses joues. La v\u00e9rit\u00e9 \u00e9tait une double lame\u2014elle apportait un soulagement mais aussi une douleur inattendue. La confiance qu&#8217;elle avait crue \u00e9rod\u00e9e fut soudainement r\u00e9apparue, mais avec une nouvelle complexit\u00e9. Elle se rendit compte que la trahison n&#8217;\u00e9tait pas toujours ce qu&#8217;elle semblait, et que l&#8217;ombre du doute pouvait \u00eatre dissip\u00e9e par la lumi\u00e8re crue de la v\u00e9rit\u00e9.<\/p>\n<p>Ils pass\u00e8rent la nuit \u00e0 parler, \u00e0 reconstruire leur histoire avec ces nouvelles pi\u00e8ces. Et bien que la route \u00e0 venir f\u00fbt incertaine, Anne sut qu&#8217;ils la parcourraient ensemble, main dans la main, avec la r\u00e9silience forg\u00e9e par leur \u00e9preuve commune.<\/p>\n","protected":false},"excerpt":{"rendered":"<p>Anne se tenait devant la fen\u00eatre, observant la pluie s&#8217;\u00e9craser contre les vitres dans un rythme hypnotisant. Depuis quelques semaines, la familiarit\u00e9 de la maison qu&#8217;elle partageait avec Julien semblait s&#8217;estomper, comme si chaque pi\u00e8ce recelait des secrets qu&#8217;elle n&#8217;avait pas su voir jusque-l\u00e0. Le silence entre eux s&#8217;\u00e9tait \u00e9paissi, et dans ce silence, Anne &#8230; <a title=\"Les Ombres du Doute\" class=\"read-more\" href=\"https:\/\/medialur.com\/?p=84429\" aria-label=\"Read more about Les Ombres du Doute\">Read more<\/a><\/p>\n","protected":false},"author":8,"featured_media":84430,"comment_status":"","ping_status":"","sticky":false,"template":"","format":"standard","meta":{"footnotes":""},"categories":[1],"tags":[],"class_list":["post-84429","post","type-post","status-publish","format-standard","has-post-thumbnail","hentry","category-uncategorized"],"views":175,"_links":{"self":[{"href":"https:\/\/medialur.com\/index.php?rest_route=\/wp\/v2\/posts\/84429","targetHints":{"allow":["GET"]}}],"collection":[{"href":"https:\/\/medialur.com\/index.php?rest_route=\/wp\/v2\/posts"}],"about":[{"href":"https:\/\/medialur.com\/index.php?rest_route=\/wp\/v2\/types\/post"}],"author":[{"embeddable":true,"href":"https:\/\/medialur.com\/index.php?rest_route=\/wp\/v2\/users\/8"}],"replies":[{"embeddable":true,"href":"https:\/\/medialur.com\/index.php?rest_route=%2Fwp%2Fv2%2Fcomments&post=84429"}],"version-history":[{"count":0,"href":"https:\/\/medialur.com\/index.php?rest_route=\/wp\/v2\/posts\/84429\/revisions"}],"wp:featuredmedia":[{"embeddable":true,"href":"https:\/\/medialur.com\/index.php?rest_route=\/wp\/v2\/media\/84430"}],"wp:attachment":[{"href":"https:\/\/medialur.com\/index.php?rest_route=%2Fwp%2Fv2%2Fmedia&parent=84429"}],"wp:term":[{"taxonomy":"category","embeddable":true,"href":"https:\/\/medialur.com\/index.php?rest_route=%2Fwp%2Fv2%2Fcategories&post=84429"},{"taxonomy":"post_tag","embeddable":true,"href":"https:\/\/medialur.com\/index.php?rest_route=%2Fwp%2Fv2%2Ftags&post=84429"}],"curies":[{"name":"wp","href":"https:\/\/api.w.org\/{rel}","templated":true}]}}